{"id":28363,"date":"2017-06-01T08:57:13","date_gmt":"2017-06-01T06:57:13","guid":{"rendered":"http:\/\/www.invarena.cz\/?p=28363"},"modified":"2017-06-01T08:57:13","modified_gmt":"2017-06-01T06:57:13","slug":"pecovatele-sestry-i-jine-profese-dostanou-od-cervence-pridano","status":"publish","type":"post","link":"https:\/\/www.invarena.cz\/?p=28363","title":{"rendered":"Pe\u010dovatel\u00e9, sestry i jin\u00e9 profese dostanou od \u010dervence p\u0159id\u00e1no"},"content":{"rendered":"<p><strong>Pracovn\u00edci v soci\u00e1ln\u00edch slu\u017eb\u00e1ch \u010di kultu\u0159e i mnoh\u00e9 zdravotn\u00ed sestry si od \u010dervence polep\u0161\u00ed. O zv\u00fd\u0161en\u00ed jejich v\u00fdd\u011blk\u016f rozhodla vl\u00e1da. Kraj\u016fm chce na p\u0159id\u00e1n\u00ed poskytnout dotace. Opozi\u010dn\u00ed politici vy\u0161\u0161\u00ed odm\u011b\u0148ov\u00e1n\u00ed v\u00edtaj\u00ed. Podle nich o n\u011bm m\u011bl kabinet ale rozhodnout d\u0159\u00edv, ne p\u00e1r m\u011bs\u00edc\u016f p\u0159ed volbami.<\/strong><\/p>\n<p><!--more--><\/p>\n<p>Tak\u00e9 podle Hospod\u00e1\u0159sk\u00e9 komory p\u0159ijat\u00e9 opat\u0159en\u00ed p\u0159edstavuje &#8222;jasn\u00fd p\u0159edvolebn\u00ed tah&#8220;, kter\u00fd zat\u00ed\u017e\u00ed st\u00e1tn\u00ed rozpo\u010det a negativn\u011b se odraz\u00ed na cel\u00e9 ekonomice.<\/p>\n<p>Zv\u00fd\u0161en\u00ed v\u00fdd\u011blk\u016f umo\u017e\u0148uje na\u0159\u00edzen\u00ed, kter\u00e9 ru\u0161\u00ed t\u0159i z dev\u00edti platov\u00fdch tabulek. \u0158ada pracovn\u00edk\u016f s n\u00edzk\u00fdmi p\u0159\u00edjmy se tak p\u0159esune do vy\u0161\u0161\u00edch tarif\u016f. Zam\u011bstnanci v soci\u00e1ln\u00edch slu\u017eb\u00e1ch dostanou o 23 procent v\u00edc. Pracovn\u00edk\u016fm kulturn\u00edch za\u0159\u00edzen\u00ed, v nepedagogick\u00fdch profes\u00edch ve \u0161kolstv\u00ed, technick\u00e9mu person\u00e1lu \u010di administrativn\u00edm sil\u00e1m se p\u0159id\u00e1 o 9,4 procenta. Sestry, kter\u00e9 bez dohledu pracuj\u00ed u l\u016f\u017eka \u010di na opera\u010dn\u00edm nebo porodn\u00edm s\u00e1le na sm\u011bny, od \u010dervence najdou ve v\u00fdplat\u011b o 2000 korun hrub\u00e9ho v\u00edc.<\/p>\n<p>Na n\u00edzk\u00e9 v\u00fdd\u011blky v soci\u00e1ln\u00edch slu\u017eb\u00e1ch si st\u011b\u017eovali poskytovatel\u00e9 slu\u017eeb, odbory i kraje. Kv\u016fli \u0161patn\u00e9mu odm\u011b\u0148ov\u00e1n\u00ed chyb\u011bj\u00ed v \u010cesku tis\u00edce pe\u010dovatelek a pe\u010dovatel\u016f, kte\u0159\u00ed by se starali o seniory a posti\u017een\u00e9. Hroz\u00ed tak omezen\u00ed p\u00e9\u010de. Podle informa\u010dn\u00edho syst\u00e9mu o pr\u016fm\u011brn\u00e9m v\u00fdd\u011blku si loni pe\u010dovatel\u00e9 v soci\u00e1ln\u00edch slu\u017eb\u00e1ch \u010di dom\u00e1cnostech senior\u016f vyd\u011blali v pr\u016fm\u011bru 19.058 korun hrub\u00e9ho i s odm\u011bnami a v\u0161emi p\u0159\u00edsp\u011bvky. Polovina pracovn\u00edk\u016f ale nedos\u00e1hla na 18.821 korun. Tak\u00e9 v nemocnic\u00edch se kv\u016fli nedostatku sester musel n\u011bkde provoz odd\u011blen\u00ed omezit, \u010di dokonce ukon\u010dit.<\/p>\n<p>D\u00edky zm\u011bn\u011b si p\u0159ilep\u0161\u00ed 93.000 zam\u011bstnanc\u016f st\u00e1tu a 72.000 pracovn\u00edk\u016f, kter\u00e9 plat\u00ed samospr\u00e1vy. Podle podklad\u016f pro vl\u00e1du by st\u00e1t na p\u0159id\u00e1n\u00ed ve druh\u00e9m pololet\u00ed pot\u0159eboval 1,1 miliardy a samospr\u00e1vy 1,28 miliardy.<\/p>\n<p>Kraje si na negativn\u00ed dopad vl\u00e1dn\u00edch na\u0159\u00edzen\u00ed na sv\u00e9 rozpo\u010dty st\u011b\u017euj\u00ed. Po\u017eadovaly po vl\u00e1d\u011b pen\u00edze na p\u0159id\u00e1n\u00ed. Kabinet dotace schv\u00e1lil. Kv\u016fli zm\u011bn\u011b tabulek poskytne region\u016fm 1,16 miliardy korun. Podle ministryn\u011b pr\u00e1ce Michaely Marksov\u00e9 (\u010cSSD) 700 milion\u016f po\u0161le vl\u00e1da hned, dal\u0161\u00ed prost\u0159edky se budou hledat.<\/p>\n<p>Ministr financ\u00ed Ivan Piln\u00fd (ANO) s p\u0159id\u00e1n\u00edm souhlasil. Dal si ale dv\u011b podm\u00ednky. Po\u017eaduje, aby co nejv\u011bt\u0161\u00ed sumu na\u0161lo ve sv\u00e9 pokladn\u011b ministerstvo pr\u00e1ce a aby tento po\u017eadavek na zv\u00fd\u0161en\u00ed plat\u016f byl posledn\u00ed \u017e\u00e1dost\u00ed, kter\u00e1 se t\u00fdk\u00e1 v\u00fddaj\u016f nav\u00edc z leto\u0161n\u00edho rozpo\u010dtu.<\/p>\n<p>Dotace by m\u011bly pokr\u00fdt i p\u0159\u00edplatky pro sestry. Podle ministra zdravotnictv\u00ed Miloslava Ludv\u00edka (\u010cSSD) by 600 milion\u016f m\u011bl d\u00e1t st\u00e1tn\u00ed rozpo\u010det, dal\u0161\u00edch 400 milion\u016f poskytne resort. O 2000 korun hrub\u00e9ho v\u00edc by m\u011bly m\u00edt sestry v nemocnic\u00edch st\u00e1tn\u00edch, krajsk\u00fdch, soukrom\u00fdch i c\u00edrkevn\u00edch. Ludv\u00edk doplnil, \u017ee opat\u0159en\u00ed ro\u010dn\u011b vyjde asi na dv\u011b miliardy korun. P\u0159\u00ed\u0161t\u00ed rok by s v\u00fddaji u\u017e m\u011bla po\u010d\u00edtat \u00fahradov\u00e1 vyhl\u00e1\u0161ka.<\/p>\n<p>Kraje usilovaly o to, aby p\u0159\u00edplatky dost\u00e1valy v\u0161echny sestry &#8211; nejen ty, kter\u00e9 pracuj\u00ed bez dohledu. Podle \u0161\u00e9fky Asociace kraj\u016f Jany Vildumetzov\u00e9 (ANO) by opat\u0159en\u00ed, kdy p\u0159id\u00e1no dostane jen \u010d\u00e1st zdravotnic, mohlo situaci v nemocnic\u00edch je\u0161t\u011b zhor\u0161it.<\/p>\n<p>Podle na\u0159\u00edzen\u00ed by sestry, kter\u00e9 pracuj\u00ed samostatn\u011b na sm\u011bny, mohly z\u00edskat p\u0159\u00edplatek dokonce a\u017e 5000 korun. Podle Ludv\u00edka se daj\u00ed nyn\u00ed &#8222;ufinancovat&#8220; ale jen schv\u00e1len\u00e9 2000 korun.<\/p>\n<p>Zv\u00fd\u0161en\u00ed n\u00edzk\u00fdch v\u00fdd\u011blk\u016f v soci\u00e1ln\u00edch slu\u017eb\u00e1ch i jin\u00fdch oborech uv\u00edtali opozi\u010dn\u00ed politici z TOP 09 a ODS. Podle \u0161\u00e9fa ob\u010dansk\u00fdch demokrat\u016f Petra Fialy k p\u0159id\u00e1n\u00ed jeho strana vl\u00e1du vyz\u00fdvala u\u017e d\u0159\u00edv. TOP 09 podle sv\u00e9 m\u00edstop\u0159edsedkyn\u011b Mark\u00e9ty Pekarov\u00e9 Adamov\u00e9 navrhovala r\u016fst p\u0159\u00edjm\u016f u\u017e loni, koalice jej\u00ed n\u00e1vrhy ale nepodpo\u0159ila. &#8222;Nyn\u00ed, p\u011bt m\u011bs\u00edc\u016f p\u0159ed volbami, s podobn\u00fdmi n\u00e1vrhy p\u0159ich\u00e1z\u00ed sama vl\u00e1da,&#8220; dodala politi\u010dka.<\/p>\n<p>Proti r\u016fstu plat\u016f st\u00e1tn\u00edch zam\u011bstnanc\u016f se stav\u00ed Hospod\u00e1\u0159sk\u00e1 komora. Schv\u00e1len\u00ed na\u0159\u00edzen\u00ed ozna\u010dila za &#8222;jasn\u00fd p\u0159edvolebn\u00ed tah&#8220;. Podle komory by se kabinet m\u011bl v\u011bnovat p\u0159ed volbami sp\u00ed\u0161 syst\u00e9mov\u00fdm opat\u0159en\u00edm ke zefektivn\u011bn\u00ed a zp\u0159ehledn\u011bn\u00ed ve\u0159ejn\u00e9ho sektoru.<\/p>\n<\/div>\n<\/div>\n<\/div>\n<p><!--more--><\/p>\n","protected":false},"excerpt":{"rendered":"<div class=\"mh-excerpt\"><p>Pracovn\u00edci v soci\u00e1ln\u00edch slu\u017eb\u00e1ch \u010di kultu\u0159e i mnoh\u00e9 zdravotn\u00ed sestry si od \u010dervence polep\u0161\u00ed. O zv\u00fd\u0161en\u00ed jejich v\u00fdd\u011blk\u016f rozhodla vl\u00e1da. Kraj\u016fm chce na p\u0159id\u00e1n\u00ed poskytnout <a class=\"mh-excerpt-more\" href=\"https:\/\/www.invarena.cz\/?p=28363\" title=\"Pe\u010dovatel\u00e9, sestry i jin\u00e9 profese dostanou od \u010dervence p\u0159id\u00e1no\">[&#8230;]<\/a><\/p>\n<\/div>","protected":false},"author":1,"featured_media":19889,"comment_status":"open","ping_status":"closed","sticky":false,"template":"","format":"standard","meta":{"footnotes":""},"categories":[1],"tags":[],"class_list":["post-28363","post","type-post","status-publish","format-standard","has-post-thumbnail","hentry","category-nezarazene"],"_links":{"self":[{"href":"https:\/\/www.invarena.cz\/index.php?rest_route=\/wp\/v2\/posts\/28363","targetHints":{"allow":["GET"]}}],"collection":[{"href":"https:\/\/www.invarena.cz\/index.php?rest_route=\/wp\/v2\/posts"}],"about":[{"href":"https:\/\/www.invarena.cz\/index.php?rest_route=\/wp\/v2\/types\/post"}],"author":[{"embeddable":true,"href":"https:\/\/www.invarena.cz\/index.php?rest_route=\/wp\/v2\/users\/1"}],"replies":[{"embeddable":true,"href":"https:\/\/www.invarena.cz\/index.php?rest_route=%2Fwp%2Fv2%2Fcomments&post=28363"}],"version-history":[{"count":0,"href":"https:\/\/www.invarena.cz\/index.php?rest_route=\/wp\/v2\/posts\/28363\/revisions"}],"wp:featuredmedia":[{"embeddable":true,"href":"https:\/\/www.invarena.cz\/index.php?rest_route=\/wp\/v2\/media\/19889"}],"wp:attachment":[{"href":"https:\/\/www.invarena.cz\/index.php?rest_route=%2Fwp%2Fv2%2Fmedia&parent=28363"}],"wp:term":[{"taxonomy":"category","embeddable":true,"href":"https:\/\/www.invarena.cz\/index.php?rest_route=%2Fwp%2Fv2%2Fcategories&post=28363"},{"taxonomy":"post_tag","embeddable":true,"href":"https:\/\/www.invarena.cz\/index.php?rest_route=%2Fwp%2Fv2%2Ftags&post=28363"}],"curies":[{"name":"wp","href":"https:\/\/api.w.org\/{rel}","templated":true}]}}