{"id":28389,"date":"2017-06-06T11:30:14","date_gmt":"2017-06-06T09:30:14","guid":{"rendered":"http:\/\/www.invarena.cz\/?p=28389"},"modified":"2017-06-06T11:30:14","modified_gmt":"2017-06-06T09:30:14","slug":"sendvicova-generace-pribyva-zen-vtlacenych-mezi-peci-o-rodice-a-deti","status":"publish","type":"post","link":"https:\/\/www.invarena.cz\/?p=28389","title":{"rendered":"Sendvi\u010dov\u00e1 generace: P\u0159ib\u00fdv\u00e1 \u017een vtla\u010den\u00fdch mezi p\u00e9\u010di o rodi\u010de a d\u011bti"},"content":{"rendered":"<p><strong>Jak bez technick\u00fdch pom\u016fcek dostat t\u00e9m\u011b\u0159 nemohouc\u00edho pacienta z postele na voz\u00edk, jak zav\u00e9st hadi\u010dku skrz b\u0159i\u0161n\u00ed st\u011bnu do \u017ealudku, jak mluvit s \u010dlov\u011bkem posti\u017een\u00fdm demenc\u00ed a jak s um\u00edraj\u00edc\u00edm. To v\u0161echno a mnoho dal\u0161\u00edho \u010dasto pot\u0159ebuj\u00ed zn\u00e1t takzvan\u00ed dom\u00e1c\u00ed pe\u010duj\u00edc\u00ed \u2013 bl\u00edzc\u00ed, kte\u0159\u00ed se o sv\u00e9 nesob\u011bsta\u010dn\u00e9 seniory a nemocn\u00e9 staraj\u00ed v dom\u00e1c\u00edm prost\u0159ed\u00ed, p\u0159esto\u017ee zpravidla nemaj\u00ed \u017e\u00e1dn\u00e9 zdravotnick\u00e9 vzd\u011bl\u00e1n\u00ed ani zku\u0161enosti.<\/strong><!--more--><\/p>\n<p>Pardubice \u2013 Diakonie \u010ceskobratrsk\u00e9 c\u00edrkve evangelick\u00e9 (\u010cCE) ve spolupr\u00e1ci s \u010ceskou abilympijskou asociac\u00ed po\u0159\u00e1d\u00e1 v \u010dervnu v Pardubic\u00edch pro dom\u00e1c\u00ed pe\u010duj\u00edc\u00ed zdarma cyklus kurz\u016f.<\/p>\n<p>&#8222;Lid\u00e9 si \u010dasto nev\u011bd\u00ed rady tak\u00e9 v soci\u00e1ln\u011b-pr\u00e1vn\u00ed oblasti. Pot\u0159ebuj\u00ed pomoci s vy\u0159\u00edzen\u00edm p\u0159\u00edsp\u011bvku na p\u00e9\u010di, ale i s pod\u00e1n\u00edm odvol\u00e1n\u00ed, st\u00ed\u017enosti, nebo \u017e\u00e1dosti o zv\u00fd\u0161en\u00ed. \u010casto pe\u010duj\u00edc\u00ed spolu s extern\u00edmi odborn\u00edky prov\u00e1z\u00edme cel\u00fdm procesem,&#8220; uvedla Eva Paprstk\u00e1\u0159ov\u00e1 z Diakonie \u010cCE.<\/p>\n<p>Absolventka lo\u0148sk\u00e9ho cyklu kurz\u016f Jana Bartlov\u00e1 si cen\u00ed zejm\u00e9na praktick\u00fdch znalost\u00ed, kter\u00e9 si odnesla. &#8222;Jak pe\u010dovat o imobiln\u00edho pacienta a nezni\u010dit si p\u0159i tom z\u00e1da, to v\u00e1s m\u016f\u017ee nau\u010dit jen \u010dlov\u011bk s praktick\u00fdmi zku\u0161enostmi, a takov\u00e9 jsem v kurzu poznala,&#8220; dodala Jana Bartlov\u00e1.<\/p>\n<p>Uv\u00e1d\u00ed se, \u017ee v \u010cesk\u00e9 republice je 300 tis\u00edc dom\u00e1c\u00edch pe\u010duj\u00edc\u00edch. I v Pardubic\u00edch roste takzvan\u00e1 &#8222;sendvi\u010dov\u00e1 generace&#8220;. Jej\u00edm typick\u00fdm p\u0159edstavitelem je \u017eena nad 45 let, kter\u00e1 je vtla\u010dena mezi zam\u011bstn\u00e1n\u00ed, p\u00e9\u010di o st\u00e1rnouc\u00ed rodi\u010de a tak\u00e9 o d\u011bti, kter\u00e9 je\u0161t\u011b nejsou zcela samostatn\u00e9.<\/p>\n<p>&#8222;Jako jeden ze st\u011b\u017eejn\u00edch probl\u00e9m\u016f vn\u00edm\u00e1m nedostatek emo\u010dn\u00ed, psychick\u00e9 podpory z okol\u00ed a bohu\u017eel n\u011bkdy i rodiny. S t\u00edm \u010dasto souvis\u00ed i to, \u017ee hlavn\u00ed pe\u010duj\u00edc\u00ed nem\u00e1 n\u011bkdy p\u0159\u00edli\u0161 prostoru pro sebe a pro odpo\u010dinek, omezuje kontakty s okol\u00edm a m\u016f\u017ee se c\u00edtit s\u00e1m. P\u00e9\u010de o sebe je z\u00e1klad, proto\u017ee jen tak se m\u016f\u017eeme starat o n\u011bkoho dal\u0161\u00edho,&#8220; uvedla Eva Paprstk\u00e1\u0159ov\u00e1.<\/p>\n<p>T\u011b\u017ek\u00e9 b\u00fdv\u00e1 i p\u0159\u00edpadn\u00e9 sklouben\u00ed p\u00e9\u010de se zam\u011bstn\u00e1n\u00edm, co\u017e zase m\u016f\u017ee p\u0159in\u00e1\u0161et finan\u010dn\u00ed starosti.<\/p>\n<p>&#8212;<\/p>\n<p>Kurzy: Kdy a kde<\/p>\n<p>10. \u010dervna, 9.30-15.30 hodin: O\u0161et\u0159ovatelsk\u00fd kurz; 15.30-18.30 hodin: Kurz komunikace 1<br \/>\n17. \u010dervna, 9.30-15.30 hodin: Praktick\u00fd a n\u00e1cvikov\u00fd kurz; 15.30-18.30 hodin Kurz komunikace 2<br \/>\n21. \u010dervna, 9.30-15.30 hodin, Soci\u00e1ln\u011b pr\u00e1vn\u00ed kurz<br \/>\n22. \u010dervna, 9.30-15.30 hodin, Pe\u010dov\u00e1n\u00ed o \u010dlov\u011bka s demenc\u00ed<br \/>\n28. \u010dervna, 9.30-15.30 hodin: Pe\u010dov\u00e1n\u00ed v z\u00e1v\u011bru \u017eivota<\/p>\n<p>Kurzy se konaj\u00ed v prostor\u00e1ch \u010cesk\u00e9 abilympijsk\u00e9 asociace v ulici Sladkovsk\u00e9ho 2824 v Pardubic\u00edch.<\/p>\n<p>Chrudimsk\u00fd den\u00edk<br \/>\n<a href=\"http:\/\/chrudimsky.denik.cz\/\">http:\/\/chrudimsky.denik.cz\/<\/a><\/p>\n","protected":false},"excerpt":{"rendered":"<div class=\"mh-excerpt\"><p>Jak bez technick\u00fdch pom\u016fcek dostat t\u00e9m\u011b\u0159 nemohouc\u00edho pacienta z postele na voz\u00edk, jak zav\u00e9st hadi\u010dku skrz b\u0159i\u0161n\u00ed st\u011bnu do \u017ealudku, jak mluvit s \u010dlov\u011bkem posti\u017een\u00fdm <a class=\"mh-excerpt-more\" href=\"https:\/\/www.invarena.cz\/?p=28389\" title=\"Sendvi\u010dov\u00e1 generace: P\u0159ib\u00fdv\u00e1 \u017een vtla\u010den\u00fdch mezi p\u00e9\u010di o rodi\u010de a d\u011bti\">[&#8230;]<\/a><\/p>\n<\/div>","protected":false},"author":1,"featured_media":23101,"comment_status":"open","ping_status":"closed","sticky":false,"template":"","format":"standard","meta":{"footnotes":""},"categories":[9],"tags":[],"class_list":["post-28389","post","type-post","status-publish","format-standard","has-post-thumbnail","hentry","category-zpravy"],"_links":{"self":[{"href":"https:\/\/www.invarena.cz\/index.php?rest_route=\/wp\/v2\/posts\/28389","targetHints":{"allow":["GET"]}}],"collection":[{"href":"https:\/\/www.invarena.cz\/index.php?rest_route=\/wp\/v2\/posts"}],"about":[{"href":"https:\/\/www.invarena.cz\/index.php?rest_route=\/wp\/v2\/types\/post"}],"author":[{"embeddable":true,"href":"https:\/\/www.invarena.cz\/index.php?rest_route=\/wp\/v2\/users\/1"}],"replies":[{"embeddable":true,"href":"https:\/\/www.invarena.cz\/index.php?rest_route=%2Fwp%2Fv2%2Fcomments&post=28389"}],"version-history":[{"count":0,"href":"https:\/\/www.invarena.cz\/index.php?rest_route=\/wp\/v2\/posts\/28389\/revisions"}],"wp:featuredmedia":[{"embeddable":true,"href":"https:\/\/www.invarena.cz\/index.php?rest_route=\/wp\/v2\/media\/23101"}],"wp:attachment":[{"href":"https:\/\/www.invarena.cz\/index.php?rest_route=%2Fwp%2Fv2%2Fmedia&parent=28389"}],"wp:term":[{"taxonomy":"category","embeddable":true,"href":"https:\/\/www.invarena.cz\/index.php?rest_route=%2Fwp%2Fv2%2Fcategories&post=28389"},{"taxonomy":"post_tag","embeddable":true,"href":"https:\/\/www.invarena.cz\/index.php?rest_route=%2Fwp%2Fv2%2Ftags&post=28389"}],"curies":[{"name":"wp","href":"https:\/\/api.w.org\/{rel}","templated":true}]}}