{"id":28395,"date":"2017-06-07T10:26:52","date_gmt":"2017-06-07T08:26:52","guid":{"rendered":"http:\/\/www.invarena.cz\/?p=28395"},"modified":"2017-06-07T10:26:52","modified_gmt":"2017-06-07T08:26:52","slug":"firma-ve-ktere-pracuji-zamestnava-jen-prijemce-id-budu-ale-prechazet-do-starobniho-duchodu-co-mam-delat","status":"publish","type":"post","link":"https:\/\/www.invarena.cz\/?p=28395","title":{"rendered":"Firma, ve kter\u00e9 pracuji zam\u011bstn\u00e1v\u00e1 jen p\u0159\u00edjemce ID. Budu ale p\u0159ech\u00e1zet do starobn\u00edho d\u016fchodu. Co m\u00e1m d\u011blat?"},"content":{"rendered":"<p><strong>Dotaz:<\/strong><br \/>\n<strong> Pob\u00edr\u00e1m id 1. stupn\u011b. N\u00e1rok na star. d\u016fchod m\u00e1m od 12.6.2018, ale cht\u011bl bych d\u00e1l pracovat, ale firma u kter\u00e9 pracuji zam\u011bstn\u00e1v\u00e1 jen id. M\u016f\u017eu d\u00e1l pob\u00edrat ID. a pracovat? A jak dlouho? Nebo mus\u00edm po\u017e\u00e1dat o starobn\u00ed d\u016fchod?<\/strong><br \/>\n<!--more--><br \/>\nOdpov\u011b\u010f:<\/p>\n<p>Invalidn\u00ed d\u016fchod V\u00e1m bude automaticky p\u0159eveden\u00fd na starobn\u00ed a\u017e ve v\u011bku 65 let. Do t\u00e9 doby je zcela na V\u00e1s, zda si o p\u0159echod do starobn\u00edho d\u016fchodu za\u017e\u00e1d\u00e1te, \u010di ne.<\/p>\n<p>Pokud V\u00e1m tedy je\u0161t\u011b nebude 65 let a chcete d\u00e1le pracovat pro firmu, kter\u00e1 zam\u011bstn\u00e1v\u00e1 jen p\u0159\u00edjemce ID, tak V\u00e1m doporu\u010duji, abyste si o starobn\u00ed d\u016fchod ne\u017e\u00e1dal. Budete tak moci pro tuto firmu pracovat a\u017e do v\u011bku 65 let.<\/p>\n<p>I kdy\u017e je ve v\u011bku 65 let p\u0159evod z invalidn\u00edho d\u016fchodu do starobn\u00edho automatick\u00fd, je dobr\u00e9 si za\u017e\u00e1dat o p\u0159epo\u010det d\u016fchodu, je toti\u017e velice pravd\u011bpodobn\u00e9, \u017ee d\u00edky tomu, \u017ee jste byl zam\u011bstnan\u00fd, V\u00e1m bude vypo\u010d\u00edtan\u00fd vy\u0161\u0161\u00ed starobn\u00ed d\u016fchod ne\u017e byl ten invalidn\u00ed. P\u0159epo\u010det \u010cesk\u00e1 spr\u00e1va soci\u00e1ln\u00edho zabezpe\u010den\u00ed automaticky ned\u011bl\u00e1.<\/p>\n<p>V p\u0159\u00edpad\u011b, \u017ee by V\u00e1m po p\u0159epo\u010dtu byl vypo\u010d\u00edtan\u00fd ni\u017e\u0161\u00ed starobn\u00ed d\u016fchod ne\u017e invalidn\u00ed, z\u016fstane V\u00e1m starobn\u00ed d\u016fchod ve v\u00fd\u0161i toho invalidn\u00edho.<\/p>\n<p>Ji\u0159\u00ed Marek<br \/>\ninvArena<\/p>\n","protected":false},"excerpt":{"rendered":"<div class=\"mh-excerpt\"><p>Dotaz: Pob\u00edr\u00e1m id 1. stupn\u011b. N\u00e1rok na star. d\u016fchod m\u00e1m od 12.6.2018, ale cht\u011bl bych d\u00e1l pracovat, ale firma u kter\u00e9 pracuji zam\u011bstn\u00e1v\u00e1 jen id. <a class=\"mh-excerpt-more\" href=\"https:\/\/www.invarena.cz\/?p=28395\" title=\"Firma, ve kter\u00e9 pracuji zam\u011bstn\u00e1v\u00e1 jen p\u0159\u00edjemce ID. Budu ale p\u0159ech\u00e1zet do starobn\u00edho d\u016fchodu. Co m\u00e1m d\u011blat?\">[&#8230;]<\/a><\/p>\n<\/div>","protected":false},"author":3,"featured_media":20771,"comment_status":"open","ping_status":"closed","sticky":false,"template":"","format":"standard","meta":{"footnotes":""},"categories":[18,9],"tags":[],"class_list":["post-28395","post","type-post","status-publish","format-standard","has-post-thumbnail","hentry","category-poradna","category-zpravy"],"_links":{"self":[{"href":"https:\/\/www.invarena.cz\/index.php?rest_route=\/wp\/v2\/posts\/28395","targetHints":{"allow":["GET"]}}],"collection":[{"href":"https:\/\/www.invarena.cz\/index.php?rest_route=\/wp\/v2\/posts"}],"about":[{"href":"https:\/\/www.invarena.cz\/index.php?rest_route=\/wp\/v2\/types\/post"}],"author":[{"embeddable":true,"href":"https:\/\/www.invarena.cz\/index.php?rest_route=\/wp\/v2\/users\/3"}],"replies":[{"embeddable":true,"href":"https:\/\/www.invarena.cz\/index.php?rest_route=%2Fwp%2Fv2%2Fcomments&post=28395"}],"version-history":[{"count":0,"href":"https:\/\/www.invarena.cz\/index.php?rest_route=\/wp\/v2\/posts\/28395\/revisions"}],"wp:featuredmedia":[{"embeddable":true,"href":"https:\/\/www.invarena.cz\/index.php?rest_route=\/wp\/v2\/media\/20771"}],"wp:attachment":[{"href":"https:\/\/www.invarena.cz\/index.php?rest_route=%2Fwp%2Fv2%2Fmedia&parent=28395"}],"wp:term":[{"taxonomy":"category","embeddable":true,"href":"https:\/\/www.invarena.cz\/index.php?rest_route=%2Fwp%2Fv2%2Fcategories&post=28395"},{"taxonomy":"post_tag","embeddable":true,"href":"https:\/\/www.invarena.cz\/index.php?rest_route=%2Fwp%2Fv2%2Ftags&post=28395"}],"curies":[{"name":"wp","href":"https:\/\/api.w.org\/{rel}","templated":true}]}}