{"id":28441,"date":"2017-06-12T15:40:34","date_gmt":"2017-06-12T13:40:34","guid":{"rendered":"http:\/\/www.invarena.cz\/?p=28441"},"modified":"2017-06-12T15:40:34","modified_gmt":"2017-06-12T13:40:34","slug":"putovani-s-f-l-vekem-aneb-netoliko-ze-je-tma-ale-nevidim","status":"publish","type":"post","link":"https:\/\/www.invarena.cz\/?p=28441","title":{"rendered":"Putov\u00e1n\u00ed s F. L. V\u011bkem aneb &#8222;Netoliko, \u017ee je tma, ale nevid\u00edm\u2026&#8220;"},"content":{"rendered":"<p><strong>Propojit sv\u011bt nevidom\u00fdch a &#8222;koukavc\u016f&#8220;, to je hlavn\u00ed my\u0161lenka akce, kterou ka\u017edoro\u010dn\u011b po\u0159\u00e1daj\u00ed Sjednocen\u00e1 organizace slabozrak\u00fdch a nevidom\u00fdch spolu s m\u011bstem Dobru\u0161ka.<\/strong> <!--more--><\/p>\n<p>Dobru\u0161ka \u2013 A tak se v sobotu v Archlebov\u00fdch sadech se\u0161li ti, kte\u0159\u00ed si cht\u011bli vyzkou\u0161et, jak se \u017eije ve tm\u011b, s t\u011bmi, pro kter\u00e9 je tma ka\u017edodenn\u00ed sou\u010d\u00e1st\u00ed jejich \u017eivota. Asistovali u toho vodic\u00ed psi z cel\u00e9 \u010cesk\u00e9 republiky.<\/p>\n<p>V r\u00e1mci Putov\u00e1n\u00ed s F. L. V\u011bkem, jak akci nazvala jej\u00ed po\u0159adatelka, nevidom\u00e1 Renata Moravcov\u00e1, kter\u00e1 ned\u00e1vno z\u00edskala titul \u017dena roku Kr\u00e1lov\u00e9hradeck\u00e9ho kraje, \u010dekalo n\u00e1v\u0161t\u011bvn\u00edky n\u011bkolik stanovi\u0161\u0165, na kter\u00fdch museli splnit hned n\u011bkolik \u00fakol\u016f. Za ka\u017ed\u00fd pak dostali raz\u00edtko, po \u00fasp\u011b\u0161n\u00e9m absolvov\u00e1n\u00ed cel\u00e9 trasy si odnesli diplom.<\/p>\n<p>&#8222;NA V\u0160EM LE\u017d\u00cd NEPRONIKNUTELN\u011a NUTELN\u011a MODR\u00dd MRAK&#8220;<\/p>\n<p>V rodn\u00e9m domku F. L. V\u011bka \u010dekal na \u00fa\u010dastn\u00edky nesnadn\u00fd \u00fakol \u2013 s klapkami na o\u010d\u00edch rozeznat r\u016fzn\u00e9 p\u0159edm\u011bty, t\u0159eba hmo\u017ed\u00ed\u0159, trdlo na m\u00e1k, nebo zouv\u00e1k na boty jen podle hmatu a na stanovi\u0161ti u dobru\u0161sk\u00e9ho kostela pak rozpoznat poslepu p\u0159edm\u011bty denn\u00ed pot\u0159eby.<\/p>\n<p>&#8222;Cht\u011bl bych, aby o t\u00e9hle akci v\u011bd\u011blo co nejv\u00edc lid\u00ed, proto\u017ee to, co Renata d\u011bl\u00e1 pro druh\u00e9, je nev\u00edd\u00e1n\u00e9&#8220;, \u0159ekl Pavel, kter\u00fd do Dobru\u0161ky p\u0159ijel u\u017e pot\u0159et\u00ed a post\u011b\u017eoval si, a\u010d s humorem, \u017ee jeden p\u0159edm\u011bt se mu nepovedlo poznat, ale \u017ee p\u0159\u00ed\u0161t\u011b se ur\u010dit\u011b polep\u0161\u00ed.<\/p>\n<p>&#8222;S\u00c1M NEV\u00cdM, ANI KUDY J\u00cdTI M\u00c1M A KAM&#8220;<\/p>\n<p>Vedle dobru\u0161sk\u00e9 retro kav\u00e1rny \u010dekal ale mnohem n\u00e1ro\u010dn\u011bj\u0161\u00ed \u00fakol \u2013 nasadit si klapky na o\u010di, vz\u00edt do ruky slepeckou h\u016fl, a za asistence se proj\u00edt prostorem s p\u0159ek\u00e1\u017ekami.<\/p>\n<p>&#8222;J\u00e1 jsem se v tom prostoru nebyla v\u016fbec schopn\u00e1 orientovat, bylo to stra\u0161n\u011b t\u011b\u017ek\u00e9 a smek\u00e1m klobouk p\u0159ede v\u0161emi, kte\u0159\u00ed to zvl\u00e1daj\u00ed ka\u017ed\u00fd den&#8220; okomentovala sv\u016fj v\u00fdkon si pan\u00ed Alena z Hradce Kr\u00e1lov\u00e9. Prostorem prov\u00e1zela asistentka Lidka, kter\u00e1 p\u0159ijela a\u017e z Vy\u0161kova, kde pracuje pro nevidom\u00e9. &#8222;J\u00e1 tuhle pr\u00e1ci miluju a jsem moc r\u00e1da, \u017ee tady m\u016f\u017eu b\u00fdt,&#8220; \u0159ekla mi cestou.<\/p>\n<p>&#8222;V\u00cdM, \u017dE JE TU V\u0160UDE TMA, J\u00c1 JI NEVID\u00cdM&#8220;<\/p>\n<p>V budov\u011b m\u00edstn\u00ed univerzity si pak v\u0161ichni mohli zkusit nal\u00edt sklenici vody za pomoci pom\u016fcky zvan\u00e9 hladinka.<\/p>\n<p>&#8222;Hrozn\u00fd pocit jsou ty klapky, to, \u017ee \u010dlov\u011bk nevid\u00ed nic jin\u00e9ho ne\u017e tmu,&#8220; okomentovala \u00fakol pan\u00ed Marta z m\u00edstn\u00ed l\u00e9k\u00e1rny, kter\u00e1 s Renatou Moravcovou pravideln\u011b spolupracuje. A dodala, \u017ee do l\u00e9k\u00e1rny sm\u00ed kdykoli i Renatin vodic\u00ed pes Xanto, a dokonce si tam pr\u00fd r\u00e1d i zajde s\u00e1m. &#8222;Loni kdy\u017e byla akce na n\u00e1m\u011bst\u00ed, tak si Xanto odsko\u010dil za na\u0161\u00ed laborantkou, ta mu dala pamlsek, a on se pak zase vr\u00e1til zp\u00e1tky,&#8220; dodala s \u00fasm\u011bvem.<\/p>\n<p>&#8222;MELANCHOLICKY JSEM POZOROVAL SV\u011aT&#8220;<\/p>\n<p>Na stanovi\u0161ti v parku bylo mo\u017en\u00e9 si vyzkou\u0161et psac\u00ed stroj pro nevidom\u00e9, sezn\u00e1mit se s Braillov\u00fdm p\u00edsmem, vyzkou\u0161et speci\u00e1ln\u00ed krej\u010dovsk\u00fd metr a m\u011b\u0159\u00edtko na bankovky. Nebo se podepsat pomoc\u00ed karti\u010dky a trefit se poslepu do ok\u00e9nka k tomu ur\u010den\u00e9ho.<\/p>\n<p>&#8222;Pan\u00ed Renata je \u00fa\u017easn\u00e1 \u017eensk\u00e1, spoustu v\u011bc\u00ed za\u0159\u00edd\u00ed, ale taky je spousta v\u011bc\u00ed, kter\u00e9 neza\u0159\u00edd\u00ed, proto\u017ee na n\u011b nevid\u00ed, proto jsem se rozhodl ji pom\u00e1hat,&#8220; \u0159\u00edk\u00e1 Petr Tojnar, kter\u00fd je doslova pravou rukou pan\u00ed Renaty, a z\u00e1rove\u0148 dodal, \u017ee se nevidom\u00ed ka\u017ed\u00fd rok do Dobru\u0161ky velmi t\u011b\u0161\u00ed.<\/p>\n<p>Z\u00e1jem je tak velk\u00fd, \u017ee je dokonce probl\u00e9m pro v\u0161echny zajistit ve m\u011bst\u011b ubytov\u00e1n\u00ed.<\/p>\n<p>&#8222;KDY\u017d P\u0158IPUST\u00cdM, \u017dE VID\u00cdM, D\u00cdM, M\u011aL BYCH VID\u011aT V\u00cdC&#8220;<\/p>\n<p>Co dodat z\u00e1v\u011brem? Krom\u011b spousty z\u00e1\u017eitk\u016f jsem si tak, jako ostatn\u00ed, kte\u0159\u00ed absolvovali trasu, odvezla z Dobru\u0161ky pracn\u011b z\u00edskan\u00fd diplom a uv\u011bdomila si, jak v\u011bci, pro n\u00e1s vid\u00edc\u00ed tak samoz\u0159ejm\u00e9, pro nevidom\u00e9 samoz\u0159ejm\u00e9 v\u016fbec nejsou. A d\u011bkuji za tu zku\u0161enost v\u0161em, se kter\u00fdmi jsem m\u011bla mo\u017enost se setkat.<\/p>\n<p>ILONA DVO\u0158\u00c1KOV\u00c1<br \/>\nHradeck\u00fd den\u00edk<br \/>\n<a href=\"http:\/\/hradecky.denik.cz\/\">http:\/\/hradecky.denik.cz\/<\/a><\/p>\n","protected":false},"excerpt":{"rendered":"<div class=\"mh-excerpt\"><p>Propojit sv\u011bt nevidom\u00fdch a &#8222;koukavc\u016f&#8220;, to je hlavn\u00ed my\u0161lenka akce, kterou ka\u017edoro\u010dn\u011b po\u0159\u00e1daj\u00ed Sjednocen\u00e1 organizace slabozrak\u00fdch a nevidom\u00fdch spolu s m\u011bstem Dobru\u0161ka.<\/p>\n<\/div>","protected":false},"author":1,"featured_media":19083,"comment_status":"open","ping_status":"closed","sticky":false,"template":"","format":"standard","meta":{"footnotes":""},"categories":[9],"tags":[],"class_list":["post-28441","post","type-post","status-publish","format-standard","has-post-thumbnail","hentry","category-zpravy"],"_links":{"self":[{"href":"https:\/\/www.invarena.cz\/index.php?rest_route=\/wp\/v2\/posts\/28441","targetHints":{"allow":["GET"]}}],"collection":[{"href":"https:\/\/www.invarena.cz\/index.php?rest_route=\/wp\/v2\/posts"}],"about":[{"href":"https:\/\/www.invarena.cz\/index.php?rest_route=\/wp\/v2\/types\/post"}],"author":[{"embeddable":true,"href":"https:\/\/www.invarena.cz\/index.php?rest_route=\/wp\/v2\/users\/1"}],"replies":[{"embeddable":true,"href":"https:\/\/www.invarena.cz\/index.php?rest_route=%2Fwp%2Fv2%2Fcomments&post=28441"}],"version-history":[{"count":0,"href":"https:\/\/www.invarena.cz\/index.php?rest_route=\/wp\/v2\/posts\/28441\/revisions"}],"wp:featuredmedia":[{"embeddable":true,"href":"https:\/\/www.invarena.cz\/index.php?rest_route=\/wp\/v2\/media\/19083"}],"wp:attachment":[{"href":"https:\/\/www.invarena.cz\/index.php?rest_route=%2Fwp%2Fv2%2Fmedia&parent=28441"}],"wp:term":[{"taxonomy":"category","embeddable":true,"href":"https:\/\/www.invarena.cz\/index.php?rest_route=%2Fwp%2Fv2%2Fcategories&post=28441"},{"taxonomy":"post_tag","embeddable":true,"href":"https:\/\/www.invarena.cz\/index.php?rest_route=%2Fwp%2Fv2%2Ftags&post=28441"}],"curies":[{"name":"wp","href":"https:\/\/api.w.org\/{rel}","templated":true}]}}