{"id":28472,"date":"2017-06-15T14:36:16","date_gmt":"2017-06-15T12:36:16","guid":{"rendered":"http:\/\/www.invarena.cz\/?p=28472"},"modified":"2017-06-15T14:36:16","modified_gmt":"2017-06-15T12:36:16","slug":"martin-latka-filipovi-prispel-moc-rad","status":"publish","type":"post","link":"https:\/\/www.invarena.cz\/?p=28472","title":{"rendered":"Martin Latka Filipovi p\u0159isp\u011bl moc r\u00e1d"},"content":{"rendered":"<p><strong>Jeden z nejlep\u0161\u00edch fotbalov\u00fdch obr\u00e1nc\u016f z jihu \u010cech vzk\u00e1zal posti\u017een\u00fdm sportovc\u016fm: &#8222;A\u0165 nez\u016fst\u00e1vaj\u00ed doma,&#8220; \u0159\u00edk\u00e1<\/strong> <!--more--><\/p>\n<p>Ben\u00e1tky nad Jizerou \u2013 Fotbalov\u00fd obr\u00e1nce Martin Latka za\u010d\u00ednal s fotbalem na jihu \u010cech. Pro\u0161el Dynamem \u010cesk\u00e9 Bud\u011bjovice a pak dal\u0161\u00edmi velk\u00fdmi kluby. Chyst\u00e1 se na dal\u0161\u00ed pokra\u010dov\u00e1n\u00ed v kari\u00e9\u0159e? Na toto t\u00e9ma moc odpov\u00eddat necht\u011bl. Pro\u010d?<\/p>\n<p>&#8222;Jsem tady, abych pomohl mal\u00e9mu Fil\u00edpkovi,&#8220; vypr\u00e1v\u011bl na florbalov\u00e9 exhibici, na kter\u00e9 pat\u0159il k hlavn\u00edm hv\u011bzd\u00e1m. Martin Latka se za\u0159adil do t\u00fdmu osobnost\u00ed, \u0161ikovn\u011b rozd\u00e1val p\u0159ihr\u00e1vky, dlouh\u00fdma rukama br\u00e1nil soupe\u0159ovy \u00fatoky. A odpov\u00eddal na na\u0161e dotazy:<\/p>\n<p>&#8211; Vyrazil jste do Ben\u00e1tek nad Jizerou na florbalov\u00fd turnaj pr\u00e1v\u011b proto, abyste osobn\u011b pomohl Filipovi?<\/p>\n<p>To je gr\u00f3 cel\u00e9 t\u00e9to akce. Kdy\u017e to jde, tak je fajn, \u017ee alespo\u0148 takto m\u00e1lo m\u016f\u017eeme Fil\u00edpkovi p\u0159isp\u011bt.<\/p>\n<p>&#8211; Je to podle v\u00e1s tak\u00e9 jedna z v\u011bc\u00ed, kterou by m\u011bli sportovci napl\u0148ovat sv\u016fj \u017eivot?<\/p>\n<p>Ur\u010dit\u011b by m\u011bli pom\u00e1hat lidem, co to pot\u0159ebuj\u00ed.<\/p>\n<p>&#8211; Vid\u011bl jste se s Filipem?<\/p>\n<p>No jist\u011b. Je to sympa\u0165\u00e1k.<\/p>\n<p>&#8211; Vn\u00edm\u00e1te jeho t\u011b\u017ekou roli?<\/p>\n<p>Je to pro n\u011bj v\u0161echno hodn\u011b slo\u017eit\u00e9.<\/p>\n<p>&#8211; Je v jeho situaci d\u016fle\u017eit\u00fd pr\u00e1v\u011b sport? U\u010d\u00ed ho zvl\u00e1dat krizov\u00e9 situace v \u017eivot\u011b, p\u0159ij\u00edmat por\u00e1\u017eky nejen ve sportu?<\/p>\n<p>Ohromn\u011b. Pokud pr\u00e1v\u011b Filip sportuje, a on hraje sledge hokej, tak mu to do \u017eivota dod\u00e1v\u00e1 drajv. To je d\u016fle\u017eit\u00e1 v\u011bc. Proto si mysl\u00edm, \u017ee ka\u017ed\u00e9 takov\u00e9to povzbuzen\u00ed, jak\u00e9 se mu sna\u017e\u00edme p\u0159edat tady na turnaji, je pro lidi, kte\u0159\u00ed to nemaj\u00ed jednoduch\u00e9, pot\u0159ebn\u00e9.<\/p>\n<p>&#8211; Sport p\u0159ed\u00e1v\u00e1 drajv?<\/p>\n<p>P\u0159esn\u011b tak. Tito lid\u00e9 to nemaj\u00ed jednoduch\u00e9, ale zase se s t\u00edm dok\u00e1\u017eou poprat, k tomu jim snad trochu tak\u00e9 pom\u016f\u017eeme.<\/p>\n<p>&#8211; Je pro n\u011b d\u016fle\u017eit\u00e9, \u017ee nez\u016fstanou sed\u011bt zav\u0159en\u00ed doma?<\/p>\n<p>Je pro m\u011b t\u011b\u017ek\u00e9 to posuzovat, kdy\u017e se nedok\u00e1\u017eu v\u017e\u00edt p\u0159esn\u011b do jejich pozice. Pro v\u0161echny lidi, kte\u0159\u00ed se perou s posti\u017een\u00edm, to mus\u00ed b\u00fdt stra\u0161n\u011b t\u011b\u017ek\u00e9. Ka\u017ed\u00fd, kdo se s t\u00edm dok\u00e1\u017ee vypo\u0159\u00e1dat, m\u00e1 m\u016fj obrovsk\u00fd respekt.<\/p>\n<p>&#8211; Tak\u00e9 jste p\u0159isp\u011bl, vydra\u017eil jste jeden z hokejov\u00fdch dres\u016f, n\u011bkomu ho v\u011bnujete?<\/p>\n<p>V\u016fbec ne. Nech\u00e1m si ho. Te\u010f budu r\u00e1d hr\u00e1t hokej. Budu v n\u011bm nastupovat.<\/p>\n<p>&#8211; V hlubock\u00e9 Kuki ar\u00e9n\u011b?<\/p>\n<p>Tam ne. Tam se zase tolik moc nedostanu.<\/p>\n<p>&#8212;<\/p>\n<p>MARTIN LATKA Narodil se 28. z\u00e1\u0159\u00ed 1984 v \u010cesk\u00fdch Bud\u011bjovic\u00edch. Od srpna 2016 je hr\u00e1\u010dem klubu FC Slovan Liberec. Univerz\u00e1ln\u00ed hr\u00e1\u010d schopn\u00fd nastoupit v \u00fatoku, z\u00e1loze i obran\u011b. P\u016fsobil na klubov\u00e9 \u00farovni v Anglii, \u0158ecku a N\u011bmecku. Zna\u010dnou \u010d\u00e1st kari\u00e9ry str\u00e1vil ve Slavii Praha. Na sv\u00e9m kont\u011b m\u00e1 jeden start v \u010desk\u00e9m reprezenta\u010dn\u00edm A mu\u017estvu. V roce 2005 zv\u00edt\u011bzil v \u010desk\u00e9 anket\u011b Fotbalista roku v kategorii Talent. M\u00e1-li volno, r\u00e1d jezd\u00ed dom\u016f pod hlubock\u00fd z\u00e1mek, kde s fotbalem za\u010d\u00ednal.<\/p>\n<p>KAMIL J\u00c1\u0160A<br \/>\n\u010ceskobud\u011bjovick\u00fd den\u00edk<br \/>\n<a href=\"http:\/\/ceskobudejovicky.denik.cz\/\">http:\/\/ceskobudejovicky.denik.cz\/<\/a><\/p>\n","protected":false},"excerpt":{"rendered":"<div class=\"mh-excerpt\"><p>Jeden z nejlep\u0161\u00edch fotbalov\u00fdch obr\u00e1nc\u016f z jihu \u010cech vzk\u00e1zal posti\u017een\u00fdm sportovc\u016fm: &#8222;A\u0165 nez\u016fst\u00e1vaj\u00ed doma,&#8220; \u0159\u00edk\u00e1<\/p>\n<\/div>","protected":false},"author":1,"featured_media":15337,"comment_status":"open","ping_status":"closed","sticky":false,"template":"","format":"standard","meta":{"footnotes":""},"categories":[9],"tags":[],"class_list":["post-28472","post","type-post","status-publish","format-standard","has-post-thumbnail","hentry","category-zpravy"],"_links":{"self":[{"href":"https:\/\/www.invarena.cz\/index.php?rest_route=\/wp\/v2\/posts\/28472","targetHints":{"allow":["GET"]}}],"collection":[{"href":"https:\/\/www.invarena.cz\/index.php?rest_route=\/wp\/v2\/posts"}],"about":[{"href":"https:\/\/www.invarena.cz\/index.php?rest_route=\/wp\/v2\/types\/post"}],"author":[{"embeddable":true,"href":"https:\/\/www.invarena.cz\/index.php?rest_route=\/wp\/v2\/users\/1"}],"replies":[{"embeddable":true,"href":"https:\/\/www.invarena.cz\/index.php?rest_route=%2Fwp%2Fv2%2Fcomments&post=28472"}],"version-history":[{"count":0,"href":"https:\/\/www.invarena.cz\/index.php?rest_route=\/wp\/v2\/posts\/28472\/revisions"}],"wp:featuredmedia":[{"embeddable":true,"href":"https:\/\/www.invarena.cz\/index.php?rest_route=\/wp\/v2\/media\/15337"}],"wp:attachment":[{"href":"https:\/\/www.invarena.cz\/index.php?rest_route=%2Fwp%2Fv2%2Fmedia&parent=28472"}],"wp:term":[{"taxonomy":"category","embeddable":true,"href":"https:\/\/www.invarena.cz\/index.php?rest_route=%2Fwp%2Fv2%2Fcategories&post=28472"},{"taxonomy":"post_tag","embeddable":true,"href":"https:\/\/www.invarena.cz\/index.php?rest_route=%2Fwp%2Fv2%2Ftags&post=28472"}],"curies":[{"name":"wp","href":"https:\/\/api.w.org\/{rel}","templated":true}]}}