{"id":28481,"date":"2017-06-19T13:53:26","date_gmt":"2017-06-19T11:53:26","guid":{"rendered":"http:\/\/www.invarena.cz\/?p=28481"},"modified":"2017-06-19T13:53:26","modified_gmt":"2017-06-19T11:53:26","slug":"nejhorsi-je-vyjit-schody-s-paskou-pres-oci-ukazala-akce-nevidomych","status":"publish","type":"post","link":"https:\/\/www.invarena.cz\/?p=28481","title":{"rendered":"Nejhor\u0161\u00ed je vyj\u00edt schody s p\u00e1skou p\u0159es o\u010di, uk\u00e1zala akce nevidom\u00fdch"},"content":{"rendered":"<p><strong>\u010cern\u00e1 p\u00e1ska p\u0159es o\u010di a t\u011bm, co nemaj\u00ed se zrakem probl\u00e9my, se r\u00e1zem zm\u011bn\u00ed sv\u011bt. V\u0161echny starosti jdou stranou a jedin\u00e9, co \u010dlov\u011bku b\u011b\u017e\u00ed hlavou, je doj\u00edt s pomoc\u00ed slepeck\u00e9 h\u016flky a doprovodu do c\u00edle bez p\u00e1du.<\/strong><!--more--><\/p>\n<p>Cel\u00fd \u010dl\u00e1nek <a href=\"http:\/\/pribramsky.denik.cz\/kultura_region\/nejhorsi-je-vyjit-schody-s-paskou-pres-oci-ukazala-akce-nevidomych-20170619.html\">ZDE<\/a><\/p>\n","protected":false},"excerpt":{"rendered":"<div class=\"mh-excerpt\"><p>\u010cern\u00e1 p\u00e1ska p\u0159es o\u010di a t\u011bm, co nemaj\u00ed se zrakem probl\u00e9my, se r\u00e1zem zm\u011bn\u00ed sv\u011bt. V\u0161echny starosti jdou stranou a jedin\u00e9, co \u010dlov\u011bku b\u011b\u017e\u00ed hlavou, <a class=\"mh-excerpt-more\" href=\"https:\/\/www.invarena.cz\/?p=28481\" title=\"Nejhor\u0161\u00ed je vyj\u00edt schody s p\u00e1skou p\u0159es o\u010di, uk\u00e1zala akce nevidom\u00fdch\">[&#8230;]<\/a><\/p>\n<\/div>","protected":false},"author":1,"featured_media":14015,"comment_status":"open","ping_status":"closed","sticky":false,"template":"","format":"standard","meta":{"footnotes":""},"categories":[9],"tags":[],"class_list":["post-28481","post","type-post","status-publish","format-standard","has-post-thumbnail","hentry","category-zpravy"],"_links":{"self":[{"href":"https:\/\/www.invarena.cz\/index.php?rest_route=\/wp\/v2\/posts\/28481","targetHints":{"allow":["GET"]}}],"collection":[{"href":"https:\/\/www.invarena.cz\/index.php?rest_route=\/wp\/v2\/posts"}],"about":[{"href":"https:\/\/www.invarena.cz\/index.php?rest_route=\/wp\/v2\/types\/post"}],"author":[{"embeddable":true,"href":"https:\/\/www.invarena.cz\/index.php?rest_route=\/wp\/v2\/users\/1"}],"replies":[{"embeddable":true,"href":"https:\/\/www.invarena.cz\/index.php?rest_route=%2Fwp%2Fv2%2Fcomments&post=28481"}],"version-history":[{"count":0,"href":"https:\/\/www.invarena.cz\/index.php?rest_route=\/wp\/v2\/posts\/28481\/revisions"}],"wp:featuredmedia":[{"embeddable":true,"href":"https:\/\/www.invarena.cz\/index.php?rest_route=\/wp\/v2\/media\/14015"}],"wp:attachment":[{"href":"https:\/\/www.invarena.cz\/index.php?rest_route=%2Fwp%2Fv2%2Fmedia&parent=28481"}],"wp:term":[{"taxonomy":"category","embeddable":true,"href":"https:\/\/www.invarena.cz\/index.php?rest_route=%2Fwp%2Fv2%2Fcategories&post=28481"},{"taxonomy":"post_tag","embeddable":true,"href":"https:\/\/www.invarena.cz\/index.php?rest_route=%2Fwp%2Fv2%2Ftags&post=28481"}],"curies":[{"name":"wp","href":"https:\/\/api.w.org\/{rel}","templated":true}]}}