{"id":28493,"date":"2017-06-20T11:35:48","date_gmt":"2017-06-20T09:35:48","guid":{"rendered":"http:\/\/www.invarena.cz\/?p=28493"},"modified":"2017-06-20T11:35:48","modified_gmt":"2017-06-20T09:35:48","slug":"mam-prukaz-ztp-a-jedu-na-slovensko-jake-tam-mohu-vyuzit-vyhody","status":"publish","type":"post","link":"https:\/\/www.invarena.cz\/?p=28493","title":{"rendered":"M\u00e1m pr\u016fkaz ZTP a jedu na Slovensko. Jak\u00e9 tam mohu vyu\u017e\u00edt v\u00fdhody?"},"content":{"rendered":"<p><strong>Dotaz:<\/strong><br \/>\n<strong> M\u00e1m evropsk\u00fd pr\u016fkaz ZTP a chci jet na Slovensko. Cht\u011bla bych se zeptat, jak\u00e9 tam plat\u00ed \u00falevy? Jde m\u011b o d\u00e1lnici, parkov\u00e1n\u00ed pop\u0159\u00edpad\u011b jestli se m\u016f\u017eu prokazovat t\u0159eba v n\u011bjak\u00fdch koupac\u00edch za\u0159\u00edzen\u00edch?<\/strong><br \/>\n<!--more--><br \/>\nOdpov\u011b\u010f:<\/p>\n<p>V\u00fdhody spojen\u00e9 s pr\u016fkazem ZTP m\u016f\u017eete vyu\u017e\u00edvat pouze na \u00fazem\u00ed \u010cR. Nen\u00ed mo\u017en\u00e9 tedy na Slovensku jezdit na d\u00e1lnici zdarma apod. M\u016f\u017eete ale zkusit pr\u016fkaz uplatnit v jednotliv\u00fdch za\u0159\u00edzen\u00edch. Jedn\u00e1 se o soukrom\u00e9 subjekty a je mo\u017en\u00e9, \u017ee V\u00e1m pr\u016fkaz uznaj\u00ed, i kdy\u017e je k tomu nic neoprav\u0148uje.<\/p>\n<p>Pro mo\u017enost vyu\u017e\u00edvat parkovac\u00edch m\u00edst pro handicapovan\u00e9 je pot\u0159eba m\u00edt parkovac\u00ed pr\u016fkaz, ten po cel\u00e9 EU plat\u00ed. V ka\u017ed\u00e9 zemi jsou s n\u00edm ale spojeny r\u016fzn\u00e9 v\u00fdhody a v\u0161eobecn\u011b plat\u00ed hlavn\u011b mo\u017enost parkov\u00e1n\u00ed na m\u00edstech pro invalidy.<\/p>\n<p>Ji\u0159\u00ed Marek<br \/>\ninvArena<\/p>\n","protected":false},"excerpt":{"rendered":"<div class=\"mh-excerpt\"><p>Dotaz: M\u00e1m evropsk\u00fd pr\u016fkaz ZTP a chci jet na Slovensko. Cht\u011bla bych se zeptat, jak\u00e9 tam plat\u00ed \u00falevy? Jde m\u011b o d\u00e1lnici, parkov\u00e1n\u00ed pop\u0159\u00edpad\u011b jestli <a class=\"mh-excerpt-more\" href=\"https:\/\/www.invarena.cz\/?p=28493\" title=\"M\u00e1m pr\u016fkaz ZTP a jedu na Slovensko. Jak\u00e9 tam mohu vyu\u017e\u00edt v\u00fdhody?\">[&#8230;]<\/a><\/p>\n<\/div>","protected":false},"author":1,"featured_media":19436,"comment_status":"open","ping_status":"closed","sticky":false,"template":"","format":"standard","meta":{"footnotes":""},"categories":[18],"tags":[],"class_list":["post-28493","post","type-post","status-publish","format-standard","has-post-thumbnail","hentry","category-poradna"],"_links":{"self":[{"href":"https:\/\/www.invarena.cz\/index.php?rest_route=\/wp\/v2\/posts\/28493","targetHints":{"allow":["GET"]}}],"collection":[{"href":"https:\/\/www.invarena.cz\/index.php?rest_route=\/wp\/v2\/posts"}],"about":[{"href":"https:\/\/www.invarena.cz\/index.php?rest_route=\/wp\/v2\/types\/post"}],"author":[{"embeddable":true,"href":"https:\/\/www.invarena.cz\/index.php?rest_route=\/wp\/v2\/users\/1"}],"replies":[{"embeddable":true,"href":"https:\/\/www.invarena.cz\/index.php?rest_route=%2Fwp%2Fv2%2Fcomments&post=28493"}],"version-history":[{"count":0,"href":"https:\/\/www.invarena.cz\/index.php?rest_route=\/wp\/v2\/posts\/28493\/revisions"}],"wp:featuredmedia":[{"embeddable":true,"href":"https:\/\/www.invarena.cz\/index.php?rest_route=\/wp\/v2\/media\/19436"}],"wp:attachment":[{"href":"https:\/\/www.invarena.cz\/index.php?rest_route=%2Fwp%2Fv2%2Fmedia&parent=28493"}],"wp:term":[{"taxonomy":"category","embeddable":true,"href":"https:\/\/www.invarena.cz\/index.php?rest_route=%2Fwp%2Fv2%2Fcategories&post=28493"},{"taxonomy":"post_tag","embeddable":true,"href":"https:\/\/www.invarena.cz\/index.php?rest_route=%2Fwp%2Fv2%2Ftags&post=28493"}],"curies":[{"name":"wp","href":"https:\/\/api.w.org\/{rel}","templated":true}]}}