{"id":28495,"date":"2017-06-20T11:39:43","date_gmt":"2017-06-20T09:39:43","guid":{"rendered":"http:\/\/www.invarena.cz\/?p=28495"},"modified":"2017-06-20T11:39:43","modified_gmt":"2017-06-20T09:39:43","slug":"jak-dlouho-mohu-pobirat-invalidni-duchod-pokud-si-nezazadam-o-starobni","status":"publish","type":"post","link":"https:\/\/www.invarena.cz\/?p=28495","title":{"rendered":"Jak dlouho mohu pob\u00edrat invalidn\u00ed d\u016fchod, pokud si neza\u017e\u00e1d\u00e1m o starobn\u00ed?"},"content":{"rendered":"<p><strong>Dotaz:<\/strong><br \/>\n<strong> Pokud nepo\u017e\u00e1d\u00e1m o st. d\u016fchod a budu d\u011blat na %, jak dlouho budu br\u00e1t inv. d\u016fchod II.st.? Co po 65 roce v\u011bku? Jak\u00e9 jsou je\u0161t\u011b mo\u017enosti?<\/strong><br \/>\n<!--more--><br \/>\nOdpov\u011b\u010f:<\/p>\n<p>Invalidn\u00ed d\u016fchod m\u016f\u017eete pob\u00edrat maxim\u00e1ln\u011b do 65 let, pak se automaticky m\u011bn\u00ed na starobn\u00ed. Je dobr\u00e9 si v tuto dobu po\u017e\u00e1dat o p\u0159epo\u010det d\u016fchodu, proto\u017ee pokud jste pracoval, tak je pravd\u011bpodobn\u00e9, \u017ee V\u00e1\u0161 starobn\u00ed d\u016fchod bude vy\u0161\u0161\u00ed ne\u017e sou\u010dasn\u00fd invalidn\u00ed. Pokud by n\u00e1hodou po p\u0159epo\u010dtu vy\u0161el ni\u017e\u0161\u00ed, bude V\u00e1m zachov\u00e1na sou\u010dasn\u00e1 v\u00fd\u0161e invalidn\u00edho d\u016fchodu.<\/p>\n<p>V ka\u017ed\u00e9m p\u0159\u00edpad\u011b to, \u017ee za\u010dnete pob\u00edrat starobn\u00ed d\u016fchod, nemus\u00ed v \u017e\u00e1dn\u00e9m p\u0159\u00edpad\u011b znamenat, \u017ee byste musel p\u0159estat pracovat.<\/p>\n<p>Ji\u0159\u00ed Marek<br \/>\ninvArena<\/p>\n","protected":false},"excerpt":{"rendered":"<div class=\"mh-excerpt\"><p>Dotaz: Pokud nepo\u017e\u00e1d\u00e1m o st. d\u016fchod a budu d\u011blat na %, jak dlouho budu br\u00e1t inv. d\u016fchod II.st.? Co po 65 roce v\u011bku? Jak\u00e9 jsou <a class=\"mh-excerpt-more\" href=\"https:\/\/www.invarena.cz\/?p=28495\" title=\"Jak dlouho mohu pob\u00edrat invalidn\u00ed d\u016fchod, pokud si neza\u017e\u00e1d\u00e1m o starobn\u00ed?\">[&#8230;]<\/a><\/p>\n<\/div>","protected":false},"author":3,"featured_media":15769,"comment_status":"open","ping_status":"closed","sticky":false,"template":"","format":"standard","meta":{"footnotes":""},"categories":[18],"tags":[],"class_list":["post-28495","post","type-post","status-publish","format-standard","has-post-thumbnail","hentry","category-poradna"],"_links":{"self":[{"href":"https:\/\/www.invarena.cz\/index.php?rest_route=\/wp\/v2\/posts\/28495","targetHints":{"allow":["GET"]}}],"collection":[{"href":"https:\/\/www.invarena.cz\/index.php?rest_route=\/wp\/v2\/posts"}],"about":[{"href":"https:\/\/www.invarena.cz\/index.php?rest_route=\/wp\/v2\/types\/post"}],"author":[{"embeddable":true,"href":"https:\/\/www.invarena.cz\/index.php?rest_route=\/wp\/v2\/users\/3"}],"replies":[{"embeddable":true,"href":"https:\/\/www.invarena.cz\/index.php?rest_route=%2Fwp%2Fv2%2Fcomments&post=28495"}],"version-history":[{"count":0,"href":"https:\/\/www.invarena.cz\/index.php?rest_route=\/wp\/v2\/posts\/28495\/revisions"}],"wp:featuredmedia":[{"embeddable":true,"href":"https:\/\/www.invarena.cz\/index.php?rest_route=\/wp\/v2\/media\/15769"}],"wp:attachment":[{"href":"https:\/\/www.invarena.cz\/index.php?rest_route=%2Fwp%2Fv2%2Fmedia&parent=28495"}],"wp:term":[{"taxonomy":"category","embeddable":true,"href":"https:\/\/www.invarena.cz\/index.php?rest_route=%2Fwp%2Fv2%2Fcategories&post=28495"},{"taxonomy":"post_tag","embeddable":true,"href":"https:\/\/www.invarena.cz\/index.php?rest_route=%2Fwp%2Fv2%2Ftags&post=28495"}],"curies":[{"name":"wp","href":"https:\/\/api.w.org\/{rel}","templated":true}]}}