{"id":28499,"date":"2017-06-20T11:46:05","date_gmt":"2017-06-20T09:46:05","guid":{"rendered":"http:\/\/www.invarena.cz\/?p=28499"},"modified":"2017-06-20T11:46:05","modified_gmt":"2017-06-20T09:46:05","slug":"olomoucka-stafeta-na-voziku","status":"publish","type":"post","link":"https:\/\/www.invarena.cz\/?p=28499","title":{"rendered":"OLOMOUCK\u00c1 \u0160TAFETA NA VOZ\u00cdKU"},"content":{"rendered":"<p><strong>Den p\u0159ed presti\u017en\u00edm olomouck\u00fdm p\u016flmaratonem se uskute\u010dn\u00ed sportovn\u011b-kulturn\u00ed akce Olomouck\u00e1 \u0161tafeta na voz\u00edku, kterou po\u0159\u00e1d\u00e1 ve Smetanov\u00fdch sadech Spolek Trend voz\u00ed\u010dk\u00e1\u0159\u016f Olomouc.<\/strong> <!--more--><\/p>\n<p>\u00da\u010dastn\u00edci proj\u00ed\u017ed\u011bj\u00ed na voz\u00edc\u00edch okruh dlouh\u00fd 250 metr\u016f. C\u00edlem nen\u00ed rychlost, ale co nejv\u011bt\u0161\u00ed po\u010det zapojen\u00fdch.<\/p>\n<p>&#8222;Z\u00e1kladn\u00ed my\u0161lenkou \u0161tafety na voz\u00edku je, \u017ee invalidn\u00ed voz\u00edk se st\u00e1v\u00e1 prost\u0159edkem, kter\u00fd zaji\u0161\u0165uje spole\u010dn\u00e9 sportovn\u00ed vy\u017eit\u00ed a z\u00e1bavu pro v\u0161echny,&#8220; vysv\u011btlil p\u0159edseda v\u00fdboru Spolku Trend voz\u00ed\u010dk\u00e1\u0159\u016f Milan Langer.<\/p>\n<p>\u010ctvrt\u00fd ro\u010dn\u00edk Olomouck\u00e9 \u0161tafety na voz\u00edku startuje 23. \u010dervna v 9 hodin a bude prob\u00edhat ve Smetanov\u00fdch sadech. \u0160tafeta se pojede 24 hodin nonstop (p\u0159es noc) a ukon\u010dena bude v 9 hodin n\u00e1sleduj\u00edc\u00edho dne. Ka\u017ed\u00fd jezdec dostane pam\u011btn\u00ed n\u00e1ramek.<\/p>\n<p>20.06.2017<br \/>\nOlomouck\u00fd den\u00edk<br \/>\n<a href=\"http:\/\/www.olomoucky.denik.cz\/\">http:\/\/www.olomoucky.denik.cz\/<\/a><\/p>\n","protected":false},"excerpt":{"rendered":"<div class=\"mh-excerpt\"><p>Den p\u0159ed presti\u017en\u00edm olomouck\u00fdm p\u016flmaratonem se uskute\u010dn\u00ed sportovn\u011b-kulturn\u00ed akce Olomouck\u00e1 \u0161tafeta na voz\u00edku, kterou po\u0159\u00e1d\u00e1 ve Smetanov\u00fdch sadech Spolek Trend voz\u00ed\u010dk\u00e1\u0159\u016f Olomouc.<\/p>\n<\/div>","protected":false},"author":1,"featured_media":904,"comment_status":"open","ping_status":"closed","sticky":false,"template":"","format":"standard","meta":{"footnotes":""},"categories":[9],"tags":[],"class_list":["post-28499","post","type-post","status-publish","format-standard","has-post-thumbnail","hentry","category-zpravy"],"_links":{"self":[{"href":"https:\/\/www.invarena.cz\/index.php?rest_route=\/wp\/v2\/posts\/28499","targetHints":{"allow":["GET"]}}],"collection":[{"href":"https:\/\/www.invarena.cz\/index.php?rest_route=\/wp\/v2\/posts"}],"about":[{"href":"https:\/\/www.invarena.cz\/index.php?rest_route=\/wp\/v2\/types\/post"}],"author":[{"embeddable":true,"href":"https:\/\/www.invarena.cz\/index.php?rest_route=\/wp\/v2\/users\/1"}],"replies":[{"embeddable":true,"href":"https:\/\/www.invarena.cz\/index.php?rest_route=%2Fwp%2Fv2%2Fcomments&post=28499"}],"version-history":[{"count":0,"href":"https:\/\/www.invarena.cz\/index.php?rest_route=\/wp\/v2\/posts\/28499\/revisions"}],"wp:featuredmedia":[{"embeddable":true,"href":"https:\/\/www.invarena.cz\/index.php?rest_route=\/wp\/v2\/media\/904"}],"wp:attachment":[{"href":"https:\/\/www.invarena.cz\/index.php?rest_route=%2Fwp%2Fv2%2Fmedia&parent=28499"}],"wp:term":[{"taxonomy":"category","embeddable":true,"href":"https:\/\/www.invarena.cz\/index.php?rest_route=%2Fwp%2Fv2%2Fcategories&post=28499"},{"taxonomy":"post_tag","embeddable":true,"href":"https:\/\/www.invarena.cz\/index.php?rest_route=%2Fwp%2Fv2%2Ftags&post=28499"}],"curies":[{"name":"wp","href":"https:\/\/api.w.org\/{rel}","templated":true}]}}