{"id":28531,"date":"2017-06-23T12:41:31","date_gmt":"2017-06-23T10:41:31","guid":{"rendered":"http:\/\/www.invarena.cz\/?p=28531"},"modified":"2017-06-23T12:41:31","modified_gmt":"2017-06-23T10:41:31","slug":"i-schizofrenici-jsou-lide-projekt-tulipanu-chce-mluvit-o-mytech-kolem-teto-nemoci","status":"publish","type":"post","link":"https:\/\/www.invarena.cz\/?p=28531","title":{"rendered":"I schizofrenici jsou lid\u00e9. Projekt TULipanu chce mluvit o m\u00fdtech kolem t\u00e9to nemoci"},"content":{"rendered":"<p><strong>Schizofrenie. Co se o nemoci v\u00ed a co o z toho koluje? Napov\u00ed v\u00fdstava<\/strong><!--more--><\/p>\n<p>Liberec \u2013 Na lidi na voz\u00ed\u010dku jsme si u\u017e zvykli. Jsou vid\u011bt. Co si ale po\u010d\u00edt s t\u011bmi, kter\u00e9 netr\u00e1p\u00ed fyzick\u00e9 posti\u017een\u00ed, ale du\u0161evn\u00ed probl\u00e9my a nemoci? A kter\u00fdch st\u00e1le p\u0159ib\u00fdv\u00e1? Sv\u00e9 o tom v\u00ed i \u0159editelka sdru\u017een\u00ed Tulip\u00e1n, kter\u00e9 u\u017e n\u011bkolik let \u00fasp\u011b\u0161n\u011b provozuje chr\u00e1n\u011bnou d\u00edlnu pro lidi se zdravotn\u00edm hendikepem. Pracuj\u00ed i tam. Jinde by jen t\u011b\u017eko hledali uplatn\u011bn\u00ed.<\/p>\n<p>&#8222;V r\u00e1mci projektu zam\u011b\u0159en\u00e9ho proti diskriminaci du\u0161evn\u011b nemocn\u00fdch jsme se rozhodli vytvo\u0159it s\u00e9rii banner\u016f, kter\u00e9 jasn\u011b a n\u00e1zorn\u011b p\u0159edstavuj\u00ed vybran\u00e1 du\u0161evn\u00ed onemocn\u011bn\u00ed,&#8220; \u0159\u00edk\u00e1 \u0159editelka sdru\u017een\u00ed Zora Machartov\u00e1. S jejich p\u0159\u00edb\u011bhy se lid\u00e9 mohou u\u017e dnes sezn\u00e1mit v r\u00e1mci sout\u011b\u017en\u00ed p\u0159ehl\u00eddky nejen pro posti\u017een\u00e9 hudebn\u00edky na n\u00e1m\u011bst\u00ed Dr. Edvarda Bene\u0161e v Liberci.<\/p>\n<p>Jedn\u00e1 se o putovn\u00ed v\u00fdstavu, jej\u00edm\u017e c\u00edlem je informovat ve\u0159ejnost o realit\u011b \u017eivota s du\u0161evn\u00edm onemocn\u011bn\u00edm, o kter\u00fdch koluje mnoho m\u00fdt\u016f. &#8222;Nejroz\u0161\u00ed\u0159en\u011bj\u0161\u00ed m\u00fdty se t\u00fdkaj\u00ed schizofrenie a pr\u00e1v\u011b proto je prvn\u00edm onemocn\u011bn\u00edm, kter\u00e9 na\u0161\u00ed v\u00fdstavou p\u0159edstavujeme,&#8220; dopl\u0148uje \u0159editelka.<\/p>\n<p>Jednou z akt\u00e9rek p\u0159\u00edb\u011bh\u016f je i pan\u00ed B. Cel\u00e9 jm\u00e9no absolventka ekonomie, mluv\u00edc\u00ed plynn\u011b anglicky, \u0161pan\u011blsky a \u0161v\u00e9dsky, prozradit nechce. S nemoc\u00ed se nau\u010dila \u017e\u00edt, kdo to neum\u00ed, je podle n\u00ed spole\u010dnost. &#8222;V m\u00e9di\u00edch se schizofrenie zjednodu\u0161ila na tragick\u00fd p\u0159\u00edpad \u017eeny, kter\u00e1 ubodala studenta. Pro\u010d se to stalo, zda m\u011bla l\u00e9ka\u0159skou p\u00e9\u010di a jak spole\u010dnost chr\u00e1n\u00ed lidi p\u0159ed t\u011bmi, kdo l\u00e9\u010dbu odm\u00edtnou, u\u017e se tolik nemluv\u00ed. V lidech z\u016fstal jen tragick\u00fd moment,&#8220; \u0159\u00edk\u00e1.<\/p>\n<p>Podle n\u00ed se nemluv\u00ed ani o tom, \u010d\u00edm nemocn\u00ed proch\u00e1zej\u00ed. &#8222;I proto chceme vysv\u011btlit n\u011bkter\u00e9 m\u00fdty s nemoc\u00ed spojen\u00e9,&#8220; dod\u00e1v\u00e1.<\/p>\n<p>JANA \u0160VECOV\u00c1<br \/>\nLibereck\u00fd den\u00edk<br \/>\n<a href=\"http:\/\/www.liberecky.denik.cz\/\">http:\/\/www.liberecky.denik.cz\/<\/a><\/p>\n","protected":false},"excerpt":{"rendered":"<div class=\"mh-excerpt\"><p>Schizofrenie. Co se o nemoci v\u00ed a co o z toho koluje? Napov\u00ed v\u00fdstava<\/p>\n<\/div>","protected":false},"author":1,"featured_media":18803,"comment_status":"open","ping_status":"closed","sticky":false,"template":"","format":"standard","meta":{"footnotes":""},"categories":[9],"tags":[],"class_list":["post-28531","post","type-post","status-publish","format-standard","has-post-thumbnail","hentry","category-zpravy"],"_links":{"self":[{"href":"https:\/\/www.invarena.cz\/index.php?rest_route=\/wp\/v2\/posts\/28531","targetHints":{"allow":["GET"]}}],"collection":[{"href":"https:\/\/www.invarena.cz\/index.php?rest_route=\/wp\/v2\/posts"}],"about":[{"href":"https:\/\/www.invarena.cz\/index.php?rest_route=\/wp\/v2\/types\/post"}],"author":[{"embeddable":true,"href":"https:\/\/www.invarena.cz\/index.php?rest_route=\/wp\/v2\/users\/1"}],"replies":[{"embeddable":true,"href":"https:\/\/www.invarena.cz\/index.php?rest_route=%2Fwp%2Fv2%2Fcomments&post=28531"}],"version-history":[{"count":0,"href":"https:\/\/www.invarena.cz\/index.php?rest_route=\/wp\/v2\/posts\/28531\/revisions"}],"wp:featuredmedia":[{"embeddable":true,"href":"https:\/\/www.invarena.cz\/index.php?rest_route=\/wp\/v2\/media\/18803"}],"wp:attachment":[{"href":"https:\/\/www.invarena.cz\/index.php?rest_route=%2Fwp%2Fv2%2Fmedia&parent=28531"}],"wp:term":[{"taxonomy":"category","embeddable":true,"href":"https:\/\/www.invarena.cz\/index.php?rest_route=%2Fwp%2Fv2%2Fcategories&post=28531"},{"taxonomy":"post_tag","embeddable":true,"href":"https:\/\/www.invarena.cz\/index.php?rest_route=%2Fwp%2Fv2%2Ftags&post=28531"}],"curies":[{"name":"wp","href":"https:\/\/api.w.org\/{rel}","templated":true}]}}