{"id":28544,"date":"2017-06-26T15:46:09","date_gmt":"2017-06-26T13:46:09","guid":{"rendered":"http:\/\/www.invarena.cz\/?p=28544"},"modified":"2017-06-26T15:46:09","modified_gmt":"2017-06-26T13:46:09","slug":"synovy-prisel-invalidni-duchod-dvakrat-co-s-tim-a-jak-je-to-mozne","status":"publish","type":"post","link":"https:\/\/www.invarena.cz\/?p=28544","title":{"rendered":"Synovy p\u0159i\u0161el invalidn\u00ed d\u016fchod dvakr\u00e1t. Co s t\u00edm a jak je to mo\u017en\u00e9?"},"content":{"rendered":"<p><strong>Dotaz:<\/strong><br \/>\n<strong> M\u00e1m zdravotn\u011b posti\u017een\u00e9ho syna s kombinovan\u00fdmi zdravotn\u00edmi diagn\u00f3zami. Cel\u00fdch 18 let se o n\u011bj star\u00e1m (pe\u010duji). P\u0159\u00edsp\u011bvek p\u0159i p\u00e9\u010di 4 stupn\u011b. V B\u0159eznu 2017 jsem \u017e\u00e1dala o jeho invalidn\u00ed d\u016fchod. To schv\u00e1lili i bez jeho p\u0159\u00edtomnosti. V posudku o invalidit\u011b z 10.5.2017 je ps\u00e1no, \u017ee den vzniku invalidity je 3.11.2016 a v Rozhodnut\u00ed o samotn\u00edm invalidn\u00edm d\u016fchod\u011b 3 stupn\u011b je ps\u00e1no, \u017ee od 17.5.2017 je mu p\u0159izn\u00e1n invalidn\u00ed d\u016fchod 3.stupn\u011b. No a jde mi o to , \u017ee mu dne 14.6.2017 do\u0161el od \u010cSSZ Doplatek d\u016fchodu od 17.5 do 23.6.2017 a dnes 23.6.2017 mu p\u0159i\u0161la v\u00fdplata Invalidn\u00edho d\u016fchodu pro invaliditu t\u0159et\u00edho stupn\u011b. Abych pravdu \u0159ekla , jsem z toho jelen. Nespletli se, podle mne p\u0159ece nejde vypl\u00e1cet dvakr\u00e1t.<\/strong><!--more--><\/p>\n<p>Odpov\u011b\u010f:<br \/>\nInvalidn\u00ed d\u016fchod byl Va\u0161emu synovy vyplacen spr\u00e1vn\u011b. V \u010cR se toti\u017e d\u016fchody vypl\u00e1cej\u00ed dop\u0159edu. V\u00fdplata d\u016fchodu, kter\u00e1 dorazila 23.6.2017 je tedy ur\u010dena na obdob\u00ed 23.6.2017 a\u017e 23.7.2017.<\/p>\n<p>Ji\u0159\u00ed Marek<br \/>\ninvArena<\/p>\n","protected":false},"excerpt":{"rendered":"<div class=\"mh-excerpt\"><p>Dotaz: M\u00e1m zdravotn\u011b posti\u017een\u00e9ho syna s kombinovan\u00fdmi zdravotn\u00edmi diagn\u00f3zami. Cel\u00fdch 18 let se o n\u011bj star\u00e1m (pe\u010duji). P\u0159\u00edsp\u011bvek p\u0159i p\u00e9\u010di 4 stupn\u011b. V B\u0159eznu 2017 <a class=\"mh-excerpt-more\" href=\"https:\/\/www.invarena.cz\/?p=28544\" title=\"Synovy p\u0159i\u0161el invalidn\u00ed d\u016fchod dvakr\u00e1t. Co s t\u00edm a jak je to mo\u017en\u00e9?\">[&#8230;]<\/a><\/p>\n<\/div>","protected":false},"author":3,"featured_media":600,"comment_status":"open","ping_status":"closed","sticky":false,"template":"","format":"standard","meta":{"footnotes":""},"categories":[18],"tags":[],"class_list":["post-28544","post","type-post","status-publish","format-standard","has-post-thumbnail","hentry","category-poradna"],"_links":{"self":[{"href":"https:\/\/www.invarena.cz\/index.php?rest_route=\/wp\/v2\/posts\/28544","targetHints":{"allow":["GET"]}}],"collection":[{"href":"https:\/\/www.invarena.cz\/index.php?rest_route=\/wp\/v2\/posts"}],"about":[{"href":"https:\/\/www.invarena.cz\/index.php?rest_route=\/wp\/v2\/types\/post"}],"author":[{"embeddable":true,"href":"https:\/\/www.invarena.cz\/index.php?rest_route=\/wp\/v2\/users\/3"}],"replies":[{"embeddable":true,"href":"https:\/\/www.invarena.cz\/index.php?rest_route=%2Fwp%2Fv2%2Fcomments&post=28544"}],"version-history":[{"count":0,"href":"https:\/\/www.invarena.cz\/index.php?rest_route=\/wp\/v2\/posts\/28544\/revisions"}],"wp:featuredmedia":[{"embeddable":true,"href":"https:\/\/www.invarena.cz\/index.php?rest_route=\/wp\/v2\/media\/600"}],"wp:attachment":[{"href":"https:\/\/www.invarena.cz\/index.php?rest_route=%2Fwp%2Fv2%2Fmedia&parent=28544"}],"wp:term":[{"taxonomy":"category","embeddable":true,"href":"https:\/\/www.invarena.cz\/index.php?rest_route=%2Fwp%2Fv2%2Fcategories&post=28544"},{"taxonomy":"post_tag","embeddable":true,"href":"https:\/\/www.invarena.cz\/index.php?rest_route=%2Fwp%2Fv2%2Ftags&post=28544"}],"curies":[{"name":"wp","href":"https:\/\/api.w.org\/{rel}","templated":true}]}}