{"id":28553,"date":"2017-06-26T16:09:50","date_gmt":"2017-06-26T14:09:50","guid":{"rendered":"http:\/\/www.invarena.cz\/?p=28553"},"modified":"2017-06-26T16:09:50","modified_gmt":"2017-06-26T14:09:50","slug":"sehnat-penize-je-to-nejtezsi-rika-ambasador-nezastavitelnych-jiri-jezek","status":"publish","type":"post","link":"https:\/\/www.invarena.cz\/?p=28553","title":{"rendered":"&#8222;Sehnat pen\u00edze je to nejt\u011b\u017e\u0161\u00ed,&#8220; \u0159\u00edk\u00e1 ambasador Nezastaviteln\u00fdch Ji\u0159\u00ed Je\u017eek"},"content":{"rendered":"<p><strong>Projekt Nezastaviteln\u00ed pom\u00e1h\u00e1 lidem, kte\u0159\u00ed se i p\u0159es handicap rozhodli, \u017ee budou sportovat. T\u0159in\u00e1ct Nezastaviteln\u00fdch p\u0159edstavil v sobotu ve \u017dlut\u00fdch l\u00e1zn\u00edch jejich ambasador paralympionik Ji\u0159\u00ed Je\u017eek.<\/strong> <!--more--><\/p>\n<p>&#8211; Kdo je v leto\u0161n\u00edm t\u00fdmu?<\/p>\n<p>Letos je t\u00fdm oproti lo\u0148sk\u00fdm ro\u010dn\u00edk\u016fm, kdy jsme se orientovali sp\u00ed\u0161 na cyklistiku, multisportovn\u00ed. M\u00e1me tu dv\u011b d\u00e1my, kter\u00e9 cht\u011bj\u00ed st\u0159\u00edlet z luku nebo z\u00e1jemce o monoski, neboli ly\u017ee pro voz\u00ed\u010dk\u00e1\u0159e. Z\u00e1m\u011brn\u011b jsme podpo\u0159ili tyto z\u00e1jemce, aby tak uk\u00e1zali cestu dal\u0161\u00edm, kte\u0159\u00ed cht\u011bj\u00ed sportovat, ale nev\u011bd\u00ed, co v\u0161echno s handicapem mohou.<\/p>\n<p>&#8211; Je mezi leto\u0161n\u00edmi p\u0159\u00edb\u011bhy n\u011bjak\u00fd, kter\u00fd v\u00e1s obzvl\u00e1\u0161\u0165 zaujal?<\/p>\n<p>V\u0161echny jsou siln\u00e9, nedok\u00e1\u017eu z nich vybrat jedin\u00fd. Se\u0161lo se n\u00e1m t\u00e9m\u011b\u0159 sto \u017e\u00e1dost\u00ed, z t\u011bch jsme vybrali 13, kter\u00e9 m\u011bly nejen siln\u00fd p\u0159\u00edb\u011bh, ale u nich\u017e jsme c\u00edtili, \u017ee je pro n\u011b sport opravdu d\u016fle\u017eit\u00fd.<\/p>\n<p>&#8211; Kdy\u017e se \u010dlov\u011bk po \u00faraze rozhodne pro sport, co je nejt\u011b\u017e\u0161\u00ed?<\/p>\n<p>Asi sehnat pen\u00edze na speci\u00e1ln\u00ed v\u00fdbavu. Nen\u00ed to levn\u00e1 z\u00e1le\u017eitost, t\u0159eba voz\u00ed\u010dk\u00e1\u0159, kter\u00fd se rozhodne jezdit na kole, mus\u00ed vynalo\u017eit investici v \u0159\u00e1dech sto tis\u00edc. Proto podporujeme tyto lidi hlavn\u011b finan\u010dn\u011b.<\/p>\n<p>&#8211; Jak\u00e9 byly va\u0161e za\u010d\u00e1tky?<\/p>\n<p>T\u011b\u017ek\u00e9, proto\u017ee m\u011b postihl \u00faraz v polovin\u011b 80. let a ta doba nebyla handicapovan\u00fdm lidem v\u016fbec naklon\u011bna. M\u011bl jsem ale p\u0159irozenou v\u016fli d\u011blat v\u0161echno, \u010demu jsem se v\u011bnoval p\u0159ed \u00farazem. Ze sportu jsem si vybral cyklistiku, kter\u00e1 se mi pot\u00e9 stala i zam\u011bstn\u00e1n\u00edm.<\/p>\n<p>&#8211; Loni jste po olympi\u00e1d\u011b v Riu ukon\u010dil vrcholovou kari\u00e9ru. \u010cemu se dnes v\u011bnujete?<\/p>\n<p>Je\u0161t\u011b letos jsem se rozhodl objet p\u00e1r obl\u00edben\u00fdch z\u00e1vod\u016f, ale jinak u\u017e se sp\u00ed\u0161 v\u011bnuji charitativn\u00edm akc\u00edm. Norm\u00e1ln\u011b bych byl te\u010f na mistrovstv\u00ed republiky, ale tohle u\u017e je pro m\u011b dnes d\u016fle\u017eit\u011bj\u0161\u00ed.<\/p>\n<p>Pra\u017esk\u00fd den\u00edk<br \/>\n<a href=\"http:\/\/www.prazsky.denik.cz\/\">http:\/\/www.prazsky.denik.cz\/<\/a><\/p>\n","protected":false},"excerpt":{"rendered":"<div class=\"mh-excerpt\"><p>Projekt Nezastaviteln\u00ed pom\u00e1h\u00e1 lidem, kte\u0159\u00ed se i p\u0159es handicap rozhodli, \u017ee budou sportovat. T\u0159in\u00e1ct Nezastaviteln\u00fdch p\u0159edstavil v sobotu ve \u017dlut\u00fdch l\u00e1zn\u00edch jejich ambasador paralympionik Ji\u0159\u00ed <a class=\"mh-excerpt-more\" href=\"https:\/\/www.invarena.cz\/?p=28553\" title=\"&#8222;Sehnat pen\u00edze je to nejt\u011b\u017e\u0161\u00ed,&#8220; \u0159\u00edk\u00e1 ambasador Nezastaviteln\u00fdch Ji\u0159\u00ed Je\u017eek\">[&#8230;]<\/a><\/p>\n<\/div>","protected":false},"author":1,"featured_media":2987,"comment_status":"open","ping_status":"closed","sticky":false,"template":"","format":"standard","meta":{"footnotes":""},"categories":[9],"tags":[],"class_list":["post-28553","post","type-post","status-publish","format-standard","has-post-thumbnail","hentry","category-zpravy"],"_links":{"self":[{"href":"https:\/\/www.invarena.cz\/index.php?rest_route=\/wp\/v2\/posts\/28553","targetHints":{"allow":["GET"]}}],"collection":[{"href":"https:\/\/www.invarena.cz\/index.php?rest_route=\/wp\/v2\/posts"}],"about":[{"href":"https:\/\/www.invarena.cz\/index.php?rest_route=\/wp\/v2\/types\/post"}],"author":[{"embeddable":true,"href":"https:\/\/www.invarena.cz\/index.php?rest_route=\/wp\/v2\/users\/1"}],"replies":[{"embeddable":true,"href":"https:\/\/www.invarena.cz\/index.php?rest_route=%2Fwp%2Fv2%2Fcomments&post=28553"}],"version-history":[{"count":0,"href":"https:\/\/www.invarena.cz\/index.php?rest_route=\/wp\/v2\/posts\/28553\/revisions"}],"wp:featuredmedia":[{"embeddable":true,"href":"https:\/\/www.invarena.cz\/index.php?rest_route=\/wp\/v2\/media\/2987"}],"wp:attachment":[{"href":"https:\/\/www.invarena.cz\/index.php?rest_route=%2Fwp%2Fv2%2Fmedia&parent=28553"}],"wp:term":[{"taxonomy":"category","embeddable":true,"href":"https:\/\/www.invarena.cz\/index.php?rest_route=%2Fwp%2Fv2%2Fcategories&post=28553"},{"taxonomy":"post_tag","embeddable":true,"href":"https:\/\/www.invarena.cz\/index.php?rest_route=%2Fwp%2Fv2%2Ftags&post=28553"}],"curies":[{"name":"wp","href":"https:\/\/api.w.org\/{rel}","templated":true}]}}