{"id":28554,"date":"2017-06-26T16:15:00","date_gmt":"2017-06-26T14:15:00","guid":{"rendered":"http:\/\/www.invarena.cz\/?p=28554"},"modified":"2017-06-26T16:15:00","modified_gmt":"2017-06-26T14:15:00","slug":"fond-charon-pro-pavla-zajicka","status":"publish","type":"post","link":"https:\/\/www.invarena.cz\/?p=28554","title":{"rendered":"Fond Charon pro Pavla Zaj\u00ed\u010dka"},"content":{"rendered":"<p><strong>Organiz\u00e1tor kulturn\u00edch akc\u00ed a spolumajitel Bezejmenn\u00e9 \u010dajovny ve \u0160\u0165\u00e1hlavic\u00edch Ivo Hucl zalo\u017eil nada\u010dn\u00ed fond Charon. U\u017e kr\u00e1tce po jeho \u010dervnov\u00e9m zalo\u017een\u00ed mohl ozn\u00e1mit prvn\u00ed velk\u00fd \u00fasp\u011bch. B\u011bhem dvou dn\u016f se vybralo na invalidn\u00ed voz\u00edk pro Pavla Zaj\u00ed\u010dka.<\/strong> <!--more--><\/p>\n<p>&#8222;B\u00e1sn\u00edk, hudebn\u00edk a v\u00fdtvarn\u00edk Pavel Zaj\u00ed\u010dek narozen\u00fd v roce 1951 je jedna z nejv\u00fdznamn\u011bj\u0161\u00edch postav \u010desk\u00e9ho undergroundu. V lo\u0148sk\u00e9m roce prod\u011blal ji\u017e t\u0159et\u00ed mozkovou mrtvici, kter\u00e1 d\u00e1le zkomplikovala jeho beztak obt\u00ed\u017enou \u017eivotn\u00ed situaci a natrvalo ho odk\u00e1zala na st\u00e1lou zdravotn\u00ed p\u00e9\u010di,&#8220; p\u0159ibli\u017euje Ivo Hucl osud mu\u017ee, kter\u00fd spoluzakl\u00e1dal hudebn\u00ed skupinu DG 307, byl uv\u011bzn\u011bn normaliza\u010dn\u00edm re\u017eimem a roku 1980 emigroval do \u0160v\u00e9dska, pozd\u011bji \u017eil v USA.<\/p>\n<p>&#8222;P\u0159esto\u017ee ji\u017e t\u0159et\u00edm rokem prob\u00edhaj\u00ed intenzivn\u00ed jedn\u00e1n\u00ed se st\u00e1tn\u00ed spr\u00e1vou a jeho p\u0159\u00edpadem se po\u010d\u00e1tkem leto\u0161n\u00edho roku zab\u00fdval ve\u0159ejn\u00fd ochr\u00e1nce lidsk\u00fdch pr\u00e1v, n\u00e1rok na \u0159\u00e1dn\u00fd ani invalidn\u00ed d\u016fchod nem\u00e1. Hlavn\u00edm argumentem odm\u00edtnut\u00ed je, \u017ee Pavlu Zaj\u00ed\u010dkovi vinou dlouholet\u00e9, n\u00e1sil\u00edm vynucen\u00e9 emigrace, kam byl represivn\u00edmi org\u00e1ny vy\u0161tv\u00e1n v r\u00e1mci akce Asanace, chyb\u00ed odpracovan\u00e1 l\u00e9ta,&#8220; vysv\u011btluje Ivo Hucl, pro\u010d Pavel Zaj\u00ed\u010dek pot\u0159ebuje pomoc.<\/p>\n<p>Ivo Hucl p\u0159ipom\u00edn\u00e1, \u017ee sb\u00edrka st\u00e1le pokra\u010duje, nebo\u0165 je nutn\u00e9 Pavlu Zaj\u00ed\u010dkovi zajistit pot\u0159ebnou rehabilita\u010dn\u00ed p\u00e9\u010di a pot\u00e9 zajistit dlouhodob\u00e9 d\u016fstojn\u00e9 bydlen\u00ed se st\u00e1lou zdravotn\u00ed p\u00e9\u010d\u00ed. Rodina u\u017e jednala i s n\u011bkter\u00fdmi domovy se zvl\u00e1\u0161tn\u00edm re\u017eimem v Plzni a okol\u00ed.<\/p>\n<p>Pomoci Pavlu Zaj\u00ed\u010dkovi je mo\u017en\u00e9 zasl\u00e1n\u00edm finan\u010dn\u00edho p\u0159\u00edsp\u011bvku na \u00fa\u010det \u010d\u00edslo 59021930\/8030.<\/p>\n<p>Ivo Hucl upozor\u0148uje, \u017ee fond Charon bude pom\u00e1hat i v budoucnu p\u0159edev\u0161\u00edm osobnostem nez\u00e1visl\u00e9 sc\u00e9ny, kte\u0159\u00ed se ocitli \u2013 souhrou okolnost\u00ed, vinou t\u011b\u017ek\u00e9 nemoci \u010di selh\u00e1n\u00edm st\u00e1tn\u00ed spr\u00e1vy \u2013 v ned\u016fstojn\u00fdch existen\u010dn\u00edch podm\u00ednk\u00e1ch.<\/p>\n<p>&#8222;Pr\u00e1v\u011b oni sv\u00fdmi \u017eivotn\u00edmi postoji roz\u0161i\u0159ovali hranice svobodn\u00e9ho prostoru, a t\u00edm h\u00e1jily i na\u0161e individu\u00e1ln\u00ed svobody,&#8220; podot\u00fdk\u00e1 Ivo Hucl.<\/p>\n<p>Plze\u0148sk\u00fd den\u00edk<br \/>\n<a href=\"http:\/\/plzensky.denik.cz\/\">http:\/\/plzensky.denik.cz\/<\/a><\/p>\n","protected":false},"excerpt":{"rendered":"<div class=\"mh-excerpt\"><p>Organiz\u00e1tor kulturn\u00edch akc\u00ed a spolumajitel Bezejmenn\u00e9 \u010dajovny ve \u0160\u0165\u00e1hlavic\u00edch Ivo Hucl zalo\u017eil nada\u010dn\u00ed fond Charon. U\u017e kr\u00e1tce po jeho \u010dervnov\u00e9m zalo\u017een\u00ed mohl ozn\u00e1mit prvn\u00ed velk\u00fd <a class=\"mh-excerpt-more\" href=\"https:\/\/www.invarena.cz\/?p=28554\" title=\"Fond Charon pro Pavla Zaj\u00ed\u010dka\">[&#8230;]<\/a><\/p>\n<\/div>","protected":false},"author":1,"featured_media":0,"comment_status":"open","ping_status":"closed","sticky":false,"template":"","format":"standard","meta":{"footnotes":""},"categories":[9],"tags":[],"class_list":["post-28554","post","type-post","status-publish","format-standard","hentry","category-zpravy"],"_links":{"self":[{"href":"https:\/\/www.invarena.cz\/index.php?rest_route=\/wp\/v2\/posts\/28554","targetHints":{"allow":["GET"]}}],"collection":[{"href":"https:\/\/www.invarena.cz\/index.php?rest_route=\/wp\/v2\/posts"}],"about":[{"href":"https:\/\/www.invarena.cz\/index.php?rest_route=\/wp\/v2\/types\/post"}],"author":[{"embeddable":true,"href":"https:\/\/www.invarena.cz\/index.php?rest_route=\/wp\/v2\/users\/1"}],"replies":[{"embeddable":true,"href":"https:\/\/www.invarena.cz\/index.php?rest_route=%2Fwp%2Fv2%2Fcomments&post=28554"}],"version-history":[{"count":0,"href":"https:\/\/www.invarena.cz\/index.php?rest_route=\/wp\/v2\/posts\/28554\/revisions"}],"wp:attachment":[{"href":"https:\/\/www.invarena.cz\/index.php?rest_route=%2Fwp%2Fv2%2Fmedia&parent=28554"}],"wp:term":[{"taxonomy":"category","embeddable":true,"href":"https:\/\/www.invarena.cz\/index.php?rest_route=%2Fwp%2Fv2%2Fcategories&post=28554"},{"taxonomy":"post_tag","embeddable":true,"href":"https:\/\/www.invarena.cz\/index.php?rest_route=%2Fwp%2Fv2%2Ftags&post=28554"}],"curies":[{"name":"wp","href":"https:\/\/api.w.org\/{rel}","templated":true}]}}