{"id":28568,"date":"2017-06-28T12:26:58","date_gmt":"2017-06-28T10:26:58","guid":{"rendered":"http:\/\/www.invarena.cz\/?p=28568"},"modified":"2017-06-28T12:26:58","modified_gmt":"2017-06-28T10:26:58","slug":"jaka-je-lhuta-na-vyrizeni-odvolani-proti-zamitnuti-zvyseni-prispevku-na-peci","status":"publish","type":"post","link":"https:\/\/www.invarena.cz\/?p=28568","title":{"rendered":"Jak\u00e1 je lh\u016fta na vy\u0159\u00edzen\u00ed odvol\u00e1n\u00ed proti zam\u00edtnut\u00ed zv\u00fd\u0161en\u00ed p\u0159\u00edsp\u011bvku na p\u00e9\u010di?"},"content":{"rendered":"<p><strong>Dotaz:<\/strong><br \/>\n<strong> R\u00e1da bych se zeptala, jak dlouhou lh\u016ftu m\u00e1 \u00fa\u0159ad na vy\u0159\u00edzen\u00ed odvol\u00e1n\u00ed proti zam\u00edtnut\u00ed zv\u00fd\u0161en\u00ed p\u0159\u00edsp\u011bvku na p\u00e9\u010di.<\/strong><br \/>\n<strong> Dne 2.3.2017 bylo \u00da\u0159adu pr\u00e1ce doru\u010deno odvol\u00e1n\u00ed a spis se dostal k odvolac\u00edmu org\u00e1nu 15.3.2017.<\/strong><br \/>\n<strong> M\u00e1m doma nemocnou maminku, kter\u00e1 m\u011bla prvn\u00ed stupe\u0148 p\u0159\u00edsp\u011bvku na p\u00e9\u010di. Za\u017e\u00e1dali jsme si o zv\u00fd\u0161en\u00ed, na soci\u00e1ln\u00ed \u0161et\u0159en\u00ed p\u0159i\u0161la tat\u00e1\u017e soci\u00e1ln\u00ed pracovnice, kter\u00e1 \u0159\u00edkala, \u017ee je vid\u011bt zjevn\u00e9 zhor\u0161en\u00ed zdravotn\u00edho stavu. I p\u0159esto v\u0161ak bylo zv\u00fd\u0161en\u00ed zam\u00edtnuto, proto jsme se odvolali a odvol\u00e1vac\u00ed \u0159\u00edzen\u00ed u\u017e trv\u00e1 od 2.3.2017.<\/strong><br \/>\n<strong> Dne 2.5.2017 p\u0159i\u0161el mamince dopis od MPSV, kde j\u00ed je sd\u011bleno, \u017ee ze z\u00e1va\u017en\u00fdch provozn\u00edch d\u016fvod\u016f nebude mo\u017en\u00e9 mamin\u010din p\u0159\u00edpad za\u0159adit na jedn\u00e1n\u00ed posudkov\u00e9 komise.<\/strong><br \/>\n<strong> P\u0159ed t\u00fddnem maminka volala na \u00fa\u0159ad a \u00fa\u0159ednice j\u00ed \u0159ekla, \u017ee teprve \u0159e\u0161\u00ed odvol\u00e1n\u00ed z \u0159\u00edjna lo\u0148sk\u00e9ho roku, \u017ee si maminka mus\u00ed po\u010dkat. Chci se zeptat, zda je to norm\u00e1ln\u00ed jedn\u00e1n\u00ed, zjevn\u011b \u00fa\u0159ednice nebere ohledy na psychick\u00fd dopad, kter\u00fd to m\u00e1 na posti\u017eenou osobu.<\/strong><br \/>\n<!--more--><br \/>\nOdpov\u011b\u010f:<br \/>\nPosudkov\u00e1 komise m\u00e1 na posouzen\u00ed jednotliv\u00e9ho p\u0159\u00edpadu lh\u016ftu z pravidla 60 dn\u00ed, m\u016f\u017ee si v\u0161ak za\u017e\u00e1dat o jej\u00ed prodlou\u017een\u00ed, tak\u017ee v praxi je tomu tak, \u017ee ur\u010dit\u00e9 lh\u016fty sice existuj\u00ed, av\u0161ak st\u00e1tn\u00ed org\u00e1ny se jimi v\u016fbec ne\u0159\u00edd\u00ed.<\/p>\n<p>V\u00e1\u0161 p\u0159\u00edpad u\u017e trv\u00e1 4 m\u011bs\u00edce, co\u017e je nejb\u011b\u017en\u011bj\u0161\u00ed doba na vy\u0159\u00edzen\u00ed podobn\u00fdch p\u0159\u00edpad\u016f, pokud v\u0161ak Va\u0161\u00ed mamince byl zasl\u00e1n ofici\u00e1ln\u00ed dopis od MPSV a \u00fa\u0159ednice j\u00ed sd\u011blila, \u017ee \u0159e\u0161\u00ed teprve odvol\u00e1n\u00ed z \u0159\u00edjna, je velice nepravd\u011bpodobn\u00e9, \u017ee by v nejbli\u017e\u0161\u00ed dob\u011b bylo vyd\u00e1no rozhodnut\u00ed.<\/p>\n<p>Bohu\u017eel V\u00e1m nezb\u00fdv\u00e1 nic jin\u00e9ho ne\u017e d\u00e1le \u010dekat a ob\u010das zavolat na \u00fa\u0159ad a pt\u00e1t se na informace.<\/p>\n<p>Nem\u00e1 v\u0161ak smysl d\u00e1vat za vinu n\u011bco \u00fa\u0159ednic\u00edm, se kter\u00fdmi jedn\u00e1te, faktem je, \u017ee je extr\u00e9mn\u00ed nedostatek posudkov\u00fdch l\u00e9ka\u0159\u016f a tak \u00fa\u0159edn\u00edci prost\u011b nest\u00edhaj\u00ed. Pokud je za Va\u0161i situaci n\u011bkdo odpov\u011bdn\u00fd, tak je to MPSV \u010cR, kter\u00e9 tuto situaci dlouhodob\u011b ne\u0159e\u0161\u00ed a nebo nev\u00ed, jak ji \u0159e\u0161it.<\/p>\n<p>Ji\u0159\u00ed Marek<br \/>\ninvArena<\/p>\n","protected":false},"excerpt":{"rendered":"<div class=\"mh-excerpt\"><p>Dotaz: R\u00e1da bych se zeptala, jak dlouhou lh\u016ftu m\u00e1 \u00fa\u0159ad na vy\u0159\u00edzen\u00ed odvol\u00e1n\u00ed proti zam\u00edtnut\u00ed zv\u00fd\u0161en\u00ed p\u0159\u00edsp\u011bvku na p\u00e9\u010di. Dne 2.3.2017 bylo \u00da\u0159adu pr\u00e1ce doru\u010deno <a class=\"mh-excerpt-more\" href=\"https:\/\/www.invarena.cz\/?p=28568\" title=\"Jak\u00e1 je lh\u016fta na vy\u0159\u00edzen\u00ed odvol\u00e1n\u00ed proti zam\u00edtnut\u00ed zv\u00fd\u0161en\u00ed p\u0159\u00edsp\u011bvku na p\u00e9\u010di?\">[&#8230;]<\/a><\/p>\n<\/div>","protected":false},"author":3,"featured_media":16393,"comment_status":"open","ping_status":"closed","sticky":false,"template":"","format":"standard","meta":{"footnotes":""},"categories":[18],"tags":[],"class_list":["post-28568","post","type-post","status-publish","format-standard","has-post-thumbnail","hentry","category-poradna"],"_links":{"self":[{"href":"https:\/\/www.invarena.cz\/index.php?rest_route=\/wp\/v2\/posts\/28568","targetHints":{"allow":["GET"]}}],"collection":[{"href":"https:\/\/www.invarena.cz\/index.php?rest_route=\/wp\/v2\/posts"}],"about":[{"href":"https:\/\/www.invarena.cz\/index.php?rest_route=\/wp\/v2\/types\/post"}],"author":[{"embeddable":true,"href":"https:\/\/www.invarena.cz\/index.php?rest_route=\/wp\/v2\/users\/3"}],"replies":[{"embeddable":true,"href":"https:\/\/www.invarena.cz\/index.php?rest_route=%2Fwp%2Fv2%2Fcomments&post=28568"}],"version-history":[{"count":0,"href":"https:\/\/www.invarena.cz\/index.php?rest_route=\/wp\/v2\/posts\/28568\/revisions"}],"wp:featuredmedia":[{"embeddable":true,"href":"https:\/\/www.invarena.cz\/index.php?rest_route=\/wp\/v2\/media\/16393"}],"wp:attachment":[{"href":"https:\/\/www.invarena.cz\/index.php?rest_route=%2Fwp%2Fv2%2Fmedia&parent=28568"}],"wp:term":[{"taxonomy":"category","embeddable":true,"href":"https:\/\/www.invarena.cz\/index.php?rest_route=%2Fwp%2Fv2%2Fcategories&post=28568"},{"taxonomy":"post_tag","embeddable":true,"href":"https:\/\/www.invarena.cz\/index.php?rest_route=%2Fwp%2Fv2%2Ftags&post=28568"}],"curies":[{"name":"wp","href":"https:\/\/api.w.org\/{rel}","templated":true}]}}