{"id":28581,"date":"2017-06-28T13:41:07","date_gmt":"2017-06-28T11:41:07","guid":{"rendered":"http:\/\/www.invarena.cz\/?p=28581"},"modified":"2017-06-28T13:41:07","modified_gmt":"2017-06-28T11:41:07","slug":"olomoucka-stafeta-na-voziku-prilakala-rekordni-pocet-ucastniku","status":"publish","type":"post","link":"https:\/\/www.invarena.cz\/?p=28581","title":{"rendered":"Olomouck\u00e1 \u0161tafeta na voz\u00edku p\u0159il\u00e1kala rekordn\u00ed po\u010det \u00fa\u010dastn\u00edk\u016f"},"content":{"rendered":"<p><strong>Ve Smetanov\u00fdch sadech v Olomouci prob\u011bhl \u010dtvrt\u00fd ro\u010dn\u00edk Olomouck\u00e9 \u0161tafety na voz\u00edku, kter\u00e1 se kon\u00e1 v\u017edy v p\u0159edve\u010der Mattoni 1\/2Maratonu a prob\u00edh\u00e1 nep\u0159etr\u017eit\u011b 24 hodin. Letos tato sportovn\u011b-kulturn\u00ed akce zd\u00e1rn\u011b poko\u0159ila lo\u0148sk\u00fd rekord, v p\u00e1tek 23. \u010dervna se j\u00ed z\u00fa\u010dastnily i zn\u00e1m\u00e9 olomouck\u00e9 osobnosti.<\/strong><!--more--><\/p>\n<p>Cel\u00fd \u010dl\u00e1nek <a href=\"https:\/\/www.novinky.cz\/vase-zpravy\/olomoucky-kraj\/olomouc\/3409-45229-olomoucka-stafeta-na-voziku-prilakala-rekordni-pocet-ucastniku.html\">ZDE<\/a><\/p>\n","protected":false},"excerpt":{"rendered":"<div class=\"mh-excerpt\"><p>Ve Smetanov\u00fdch sadech v Olomouci prob\u011bhl \u010dtvrt\u00fd ro\u010dn\u00edk Olomouck\u00e9 \u0161tafety na voz\u00edku, kter\u00e1 se kon\u00e1 v\u017edy v p\u0159edve\u010der Mattoni 1\/2Maratonu a prob\u00edh\u00e1 nep\u0159etr\u017eit\u011b 24 hodin. <a class=\"mh-excerpt-more\" href=\"https:\/\/www.invarena.cz\/?p=28581\" title=\"Olomouck\u00e1 \u0161tafeta na voz\u00edku p\u0159il\u00e1kala rekordn\u00ed po\u010det \u00fa\u010dastn\u00edk\u016f\">[&#8230;]<\/a><\/p>\n<\/div>","protected":false},"author":1,"featured_media":904,"comment_status":"open","ping_status":"closed","sticky":false,"template":"","format":"standard","meta":{"footnotes":""},"categories":[9],"tags":[],"class_list":["post-28581","post","type-post","status-publish","format-standard","has-post-thumbnail","hentry","category-zpravy"],"_links":{"self":[{"href":"https:\/\/www.invarena.cz\/index.php?rest_route=\/wp\/v2\/posts\/28581","targetHints":{"allow":["GET"]}}],"collection":[{"href":"https:\/\/www.invarena.cz\/index.php?rest_route=\/wp\/v2\/posts"}],"about":[{"href":"https:\/\/www.invarena.cz\/index.php?rest_route=\/wp\/v2\/types\/post"}],"author":[{"embeddable":true,"href":"https:\/\/www.invarena.cz\/index.php?rest_route=\/wp\/v2\/users\/1"}],"replies":[{"embeddable":true,"href":"https:\/\/www.invarena.cz\/index.php?rest_route=%2Fwp%2Fv2%2Fcomments&post=28581"}],"version-history":[{"count":0,"href":"https:\/\/www.invarena.cz\/index.php?rest_route=\/wp\/v2\/posts\/28581\/revisions"}],"wp:featuredmedia":[{"embeddable":true,"href":"https:\/\/www.invarena.cz\/index.php?rest_route=\/wp\/v2\/media\/904"}],"wp:attachment":[{"href":"https:\/\/www.invarena.cz\/index.php?rest_route=%2Fwp%2Fv2%2Fmedia&parent=28581"}],"wp:term":[{"taxonomy":"category","embeddable":true,"href":"https:\/\/www.invarena.cz\/index.php?rest_route=%2Fwp%2Fv2%2Fcategories&post=28581"},{"taxonomy":"post_tag","embeddable":true,"href":"https:\/\/www.invarena.cz\/index.php?rest_route=%2Fwp%2Fv2%2Ftags&post=28581"}],"curies":[{"name":"wp","href":"https:\/\/api.w.org\/{rel}","templated":true}]}}