{"id":28583,"date":"2017-06-29T12:54:58","date_gmt":"2017-06-29T10:54:58","guid":{"rendered":"http:\/\/www.invarena.cz\/?p=28583"},"modified":"2017-06-29T12:54:58","modified_gmt":"2017-06-29T10:54:58","slug":"hendikepovani-se-utkali-v-petiboji","status":"publish","type":"post","link":"https:\/\/www.invarena.cz\/?p=28583","title":{"rendered":"HENDIKEPOVAN\u00cd SE UTKALI V P\u011aTIBOJI"},"content":{"rendered":"<p><strong>D\u00c1ME TO! I kdy\u017e maj\u00ed zdravotn\u00ed posti\u017een\u00ed, nechyb\u00ed jim nad\u0161en\u00ed pro sport. V\u010dera se t\u00e9m\u011b\u0159 50 hendikepovan\u00fdch z\u00fa\u010dastnilo sportovn\u00edho dne, kter\u00fd se uskute\u010dnil na plze\u0148sk\u00e9m atletick\u00e9m stadionu ve Skvr\u0148anech.<\/strong> <!--more--><\/p>\n<p>Dopoledn\u00ed program D\u00e1me to!, jeho\u017e n\u00e1zev poukazuje na snahu p\u0159ekon\u00e1vat vlastn\u00ed bari\u00e9ry, pat\u0159il p\u011btiboji. Zdravotn\u011b posti\u017een\u00ed si vyzkou\u0161eli b\u011bh na 60 metr\u016f, hod o\u0161t\u011bpem, diskem, vrh koul\u00ed a p\u0159ek\u00e1\u017ekovou dr\u00e1hu. Trasa byla samoz\u0159ejm\u011b p\u0159izp\u016fsobena tak\u00e9 voz\u00ed\u010dk\u00e1\u0159\u016fm.<\/p>\n<p>Mezi \u00fa\u010dastn\u00edky se bl\u00fdskl Radek Ba\u0161t\u00e1\u0159 z TyfloCentra, jen\u017e m\u00e1 pouze zbytky zraku a kter\u00fd z\u00edskal \u010dty\u0159i medaile.<\/p>\n<p>Odpoledne na stadion p\u0159i\u0161lo asi 70 d\u011bt\u00ed z plze\u0148sk\u00fdch n\u00edzkoprahov\u00fdch za\u0159\u00edzen\u00ed.<\/p>\n<p>fotografie najdete na <a href=\"http:\/\/plzensky.denik.cz\/dameto\">http:\/\/plzensky.denik.cz\/dameto<\/a><\/p>\n<p>Plze\u0148sk\u00fd den\u00edk<br \/>\n<a href=\"http:\/\/plzensky.denik.cz\/\">http:\/\/plzensky.denik.cz\/<\/a><\/p>\n","protected":false},"excerpt":{"rendered":"<div class=\"mh-excerpt\"><p>D\u00c1ME TO! I kdy\u017e maj\u00ed zdravotn\u00ed posti\u017een\u00ed, nechyb\u00ed jim nad\u0161en\u00ed pro sport. V\u010dera se t\u00e9m\u011b\u0159 50 hendikepovan\u00fdch z\u00fa\u010dastnilo sportovn\u00edho dne, kter\u00fd se uskute\u010dnil na plze\u0148sk\u00e9m <a class=\"mh-excerpt-more\" href=\"https:\/\/www.invarena.cz\/?p=28583\" title=\"HENDIKEPOVAN\u00cd SE UTKALI V P\u011aTIBOJI\">[&#8230;]<\/a><\/p>\n<\/div>","protected":false},"author":1,"featured_media":6904,"comment_status":"open","ping_status":"closed","sticky":false,"template":"","format":"standard","meta":{"footnotes":""},"categories":[9],"tags":[],"class_list":["post-28583","post","type-post","status-publish","format-standard","has-post-thumbnail","hentry","category-zpravy"],"_links":{"self":[{"href":"https:\/\/www.invarena.cz\/index.php?rest_route=\/wp\/v2\/posts\/28583","targetHints":{"allow":["GET"]}}],"collection":[{"href":"https:\/\/www.invarena.cz\/index.php?rest_route=\/wp\/v2\/posts"}],"about":[{"href":"https:\/\/www.invarena.cz\/index.php?rest_route=\/wp\/v2\/types\/post"}],"author":[{"embeddable":true,"href":"https:\/\/www.invarena.cz\/index.php?rest_route=\/wp\/v2\/users\/1"}],"replies":[{"embeddable":true,"href":"https:\/\/www.invarena.cz\/index.php?rest_route=%2Fwp%2Fv2%2Fcomments&post=28583"}],"version-history":[{"count":0,"href":"https:\/\/www.invarena.cz\/index.php?rest_route=\/wp\/v2\/posts\/28583\/revisions"}],"wp:featuredmedia":[{"embeddable":true,"href":"https:\/\/www.invarena.cz\/index.php?rest_route=\/wp\/v2\/media\/6904"}],"wp:attachment":[{"href":"https:\/\/www.invarena.cz\/index.php?rest_route=%2Fwp%2Fv2%2Fmedia&parent=28583"}],"wp:term":[{"taxonomy":"category","embeddable":true,"href":"https:\/\/www.invarena.cz\/index.php?rest_route=%2Fwp%2Fv2%2Fcategories&post=28583"},{"taxonomy":"post_tag","embeddable":true,"href":"https:\/\/www.invarena.cz\/index.php?rest_route=%2Fwp%2Fv2%2Ftags&post=28583"}],"curies":[{"name":"wp","href":"https:\/\/api.w.org\/{rel}","templated":true}]}}