{"id":28587,"date":"2017-06-29T13:15:11","date_gmt":"2017-06-29T11:15:11","guid":{"rendered":"http:\/\/www.invarena.cz\/?p=28587"},"modified":"2017-06-29T13:15:11","modified_gmt":"2017-06-29T11:15:11","slug":"rozalio-naruseny-vyvoj-reci-novy-nezadouci-ucinek-hexavakciny","status":"publish","type":"post","link":"https:\/\/www.invarena.cz\/?p=28587","title":{"rendered":"Rozalio: Naru\u0161en\u00fd v\u00fdvoj \u0159e\u010di \u2013 nov\u00fd ne\u017e\u00e1douc\u00ed \u00fa\u010dinek hexavakc\u00edny"},"content":{"rendered":"<p><strong>T\u00e9m\u011b\u0159 1 000 podez\u0159en\u00ed na ne\u017e\u00e1douc\u00ed \u00fa\u010dinek vakc\u00edn, z nich\u017e 84 % bylo vyhodnoceno jako z\u00e1va\u017en\u00fdch. Takov\u00e1 je bilance hl\u00e1\u0161en\u00ed podan\u00fdch pacienty i l\u00e9ka\u0159i v roce 2016 St\u00e1tn\u00edmu \u00fastavu pro kontrolu l\u00e9\u010div (S\u00daKL). Vypl\u00fdv\u00e1 to z informa\u010dn\u00edho zpravodaje Ne\u017e\u00e1douc\u00ed \u00fa\u010dinky l\u00e9\u010div 2\/2017, kter\u00fd S\u00daKL ned\u00e1vno zve\u0159ejnil.<\/strong> <!--more--><\/p>\n<p>&#8222;V\u011bt\u0161ina hl\u00e1\u0161en\u00fdch komplikac\u00ed pat\u0159\u00ed mezi ty o\u010dek\u00e1van\u00e9, na kter\u00e9 upozor\u0148uj\u00ed p\u0159\u00edbalov\u00e9 let\u00e1ky vakc\u00edn. Ov\u0161em v lo\u0148sk\u00e9m roce bylo nej\u010dast\u011bji hl\u00e1\u0161en\u00fdm neurologick\u00fdm probl\u00e9mem po aplikaci povinn\u00e9 hexavakc\u00edny naru\u0161en\u00ed psychomotorick\u00e9ho v\u00fdvoje, v\u010detn\u011b v\u00fdvoje \u0159e\u010di, a projevy apatie u d\u00edt\u011bte. Ty jsou p\u0159itom tzv. neo\u010dek\u00e1van\u00e9 \u2013 z p\u0159\u00edbalov\u00e9ho let\u00e1ku se o nich rodi\u010de zat\u00edm nedozv\u011bd\u00ed,&#8220; \u0159\u00edk\u00e1 Martina Such\u00e1nkov\u00e1, p\u0159edsedkyn\u011b spolku ROZALIO (Rodi\u010de za lep\u0161\u00ed informovanost a svobodnou volbu v o\u010dkov\u00e1n\u00ed).<\/p>\n<p>V informa\u010dn\u00edm zpravodaji se do\u010d\u00edt\u00e1me, \u017ee S\u00daKL i Evropsk\u00e1 agentura pro l\u00e9\u010div\u00e9 p\u0159\u00edpravky monitoruj\u00ed tuto reakci dlouhodob\u011b za \u00fa\u010delem dal\u0161\u00edho hodnocen\u00ed a n\u00e1sledn\u00e9ho vylou\u010den\u00ed \u010di potvrzen\u00ed kauz\u00e1ln\u00ed souvislosti s pod\u00e1n\u00edm hexavalentn\u00ed vakc\u00edny. Zat\u00edm nebyl shrom\u00e1\u017ed\u011bn dostatek dob\u0159e dolo\u017een\u00fdch p\u0159\u00edpad\u016f, kter\u00e9 by kauzalitu dokl\u00e1daly.<\/p>\n<p>Mluv\u010d\u00ed S\u00daKL Lucie P\u0159inesdomov\u00e1 potvrzuje, \u017ee \u00fastav od roku 2014 ka\u017edoro\u010dn\u011b eviduje n\u011bkolik des\u00edtek hl\u00e1\u0161en\u00ed naru\u0161en\u00ed psychomotorick\u00e9ho v\u00fdvoje po o\u010dkov\u00e1n\u00ed, a to nej\u010dast\u011bji po pod\u00e1n\u00ed hexavakc\u00edny. Apatie b\u00fdv\u00e1 podle jej\u00edch slov \u010dasto v souboru n\u011bkolika reakc\u00ed, je\u017e vedou pr\u00e1v\u011b k poru\u0161e psychomotorick\u00e9ho v\u00fdvoje d\u00edt\u011bte.<\/p>\n<p>&#8222;Tento pe\u010dliv\u00fd monitoring p\u0159isp\u00edv\u00e1 k vy\u0161\u0161\u00ed bezpe\u010dnosti o\u010dkov\u00e1n\u00ed. Nejd\u016fle\u017eit\u011bj\u0161\u00ed v\u0161ak je, jak se s vyhodnocen\u00fdmi daty nalo\u017e\u00ed, aby se tato zji\u0161t\u011bn\u00ed dostala do praxe k pediatr\u016fm,\u201d \u0159\u00edk\u00e1 Martina Such\u00e1nkov\u00e1 a d\u00e1le vysv\u011btluje: &#8222;Pr\u00e1v\u011b d\u00edky hl\u00e1\u0161en\u00ed a jejich vyhodnocov\u00e1n\u00ed bylo p\u0159id\u00e1no do p\u0159\u00edbalov\u00e9ho let\u00e1ku upozorn\u011bn\u00ed, \u017ee sou\u010dasn\u00e9 pod\u00e1v\u00e1n\u00ed v\u00edce vakc\u00edn zvy\u0161uje riziko zdravotn\u00edch komplikac\u00ed, co\u017e bohu\u017eel ne v\u0161ichni pediat\u0159i v\u011bd\u00ed.&#8220;<\/p>\n<p>V \u010cesk\u00e9 republice l\u00e9ka\u0159i ro\u010dn\u011b podaj\u00ed d\u011btem p\u0159ibli\u017en\u011b 400 tis\u00edc d\u00e1vek hexavakc\u00edny a 200 tis\u00edc d\u00e1vek vakc\u00edny MMR (proti spalni\u010dk\u00e1m, p\u0159\u00edu\u0161nic\u00edm a zard\u011bnk\u00e1m). Podle mluv\u010d\u00ed S\u00daKL Lucie P\u0159inesdomov\u00e9 se sice v posledn\u00edch letech po\u010det podan\u00fdch hl\u00e1\u0161en\u00ed ne\u017e\u00e1douc\u00edch \u00fa\u010dink\u016f zvy\u0161uje, av\u0161ak vzhledem k po\u010dtu podan\u00fdch vakc\u00edn z\u016fst\u00e1v\u00e1 st\u00e1le velice n\u00edzk\u00fd.<\/p>\n<p>Hl\u00e1\u0161en\u00ed podez\u0159en\u00ed na ne\u017e\u00e1douc\u00ed \u00fa\u010dinky v Evrop\u011b<\/p>\n<p>&#8222;Je skute\u010dn\u011b pot\u0159ebn\u00e9, aby l\u00e9ka\u0159i dodr\u017eovali z\u00e1konnou povinnost hl\u00e1sit z\u00e1va\u017en\u00e9 nebo neo\u010dek\u00e1van\u00e9 reakce po o\u010dkov\u00e1n\u00ed. V\u0161echna hl\u00e1\u0161en\u00ed se p\u0159edkl\u00e1daj\u00ed EudraVigilance, evropsk\u00e9 datab\u00e1zi hl\u00e1\u0161en\u00ed podez\u0159en\u00ed na ne\u017e\u00e1douc\u00ed \u00fa\u010dinky, kde pak prob\u00edh\u00e1 spole\u010dn\u00e9 hodnocen\u00ed jednotliv\u00fdch vakc\u00edn,&#8220; \u0159\u00edk\u00e1 Such\u00e1nkov\u00e1.<\/p>\n<p>Soudn\u00ed dv\u016fr EU dne 21. \u010dervna vynesl rozhodnut\u00ed, \u017ee soudy \u010dlensk\u00fdch zem\u00ed mohou pova\u017eovat o\u010dkov\u00e1n\u00ed za p\u0159\u00ed\u010dinu n\u011bjak\u00e9ho onemocn\u011bn\u00ed i v p\u0159\u00edpad\u011b, chyb\u00ed-li v\u011bdeck\u00e9 d\u016fkazy potvrzuj\u00edc\u00ed tuto souvislost. K vynesen\u00ed takov\u00e9ho rozhodnut\u00ed jsou podle citovan\u00e9ho verdiktu dosta\u010duj\u00edc\u00ed n\u00e1sleduj\u00edc\u00ed podm\u00ednky: \u010dasov\u00e1 bl\u00edzkost vzniku pot\u00ed\u017e\u00ed s o\u010dkov\u00e1n\u00edm posti\u017een\u00e9 osoby, kter\u00e1 byla p\u0159ed vakcinac\u00ed zdr\u00e1va, absence dan\u00e9ho onemocn\u011bn\u00ed v rodinn\u00e9 anamn\u00e9ze a &#8222;v\u00fdznamn\u00fd&#8220; po\u010det nahl\u00e1\u0161en\u00fdch p\u0159\u00edpad\u016f dan\u00e9ho onemocn\u011bn\u00ed mezi osobami, jim\u017e byla konkr\u00e9tn\u00ed vakc\u00edna aplikov\u00e1na.<\/p>\n<p>Fond pro od\u0161kodn\u011bn\u00ed osob po\u0161kozen\u00fdch o\u010dkov\u00e1n\u00ed v \u010cR st\u00e1le chyb\u00ed. V \u010cesku neexistuje \u017e\u00e1dn\u00e1 forma od\u0161kodn\u011bn\u00ed zdravotn\u00ed \u00fajmy vznikl\u00e9 po proveden\u00e9m o\u010dkov\u00e1n\u00ed. Naposledy letos v dubnu Poslaneck\u00e1 sn\u011bmovna zam\u00edtla n\u00e1vrh poslance Jana Farsk\u00e9ho (nestran\u00edk za TOP 09), kter\u00fd by od\u0161kodn\u011bn\u00ed po o\u010dkov\u00e1n\u00ed do \u010desk\u00e9ho pr\u00e1vn\u00edho syst\u00e9mu zavedl. Mezi odborn\u00edky, politiky i rodi\u010di v \u010cesku panuje obecn\u00e1 shoda, \u017ee by st\u00e1t m\u011bl p\u0159evz\u00edt odpov\u011bdnost i za negativn\u00ed n\u00e1sledky vakc\u00edn, a to zejm\u00e9na proto, \u017ee o\u010dkov\u00e1n\u00ed vynucuje z\u00e1konem. \u00dastavn\u00ed soud zaveden\u00ed od\u0161kodn\u011bn\u00ed doporu\u010dil ji\u017e v roce 2011. Ministerstvo zdravotnictv\u00ed sice n\u011bkolik let z\u00e1kon o od\u0161kodn\u011bn\u00ed slibuje, dosud m\u00e1 podobu pouze v\u011bcn\u00e9ho z\u00e1m\u011bru. Konktr\u00e9tn\u00ed paragrafov\u00e9 zn\u011bn\u00ed nen\u00ed p\u0159ipraveno, z\u00e1kon tedy \u010dek\u00e1 na dal\u0161\u00ed volebn\u00ed obdob\u00ed.<\/p>\n<p>Statistik\u00e1m ne\u017e\u00e1douc\u00edch \u00fa\u010dink\u016f vakc\u00edn se informa\u010dn\u00ed zpravodaj v\u011bnuje pravideln\u011b ka\u017ed\u00fd rok v\u017edy ve sv\u00e9m druh\u00e9m \u010d\u00edsle.<\/p>\n<p>Parlamentn\u00ed Listy<br \/>\n<a href=\"http:\/\/www.parlamentnilisty.cz\/\">http:\/\/www.parlamentnilisty.cz\/<\/a><\/p>\n","protected":false},"excerpt":{"rendered":"<div class=\"mh-excerpt\"><p>T\u00e9m\u011b\u0159 1 000 podez\u0159en\u00ed na ne\u017e\u00e1douc\u00ed \u00fa\u010dinek vakc\u00edn, z nich\u017e 84 % bylo vyhodnoceno jako z\u00e1va\u017en\u00fdch. Takov\u00e1 je bilance hl\u00e1\u0161en\u00ed podan\u00fdch pacienty i l\u00e9ka\u0159i v <a class=\"mh-excerpt-more\" href=\"https:\/\/www.invarena.cz\/?p=28587\" title=\"Rozalio: Naru\u0161en\u00fd v\u00fdvoj \u0159e\u010di \u2013 nov\u00fd ne\u017e\u00e1douc\u00ed \u00fa\u010dinek hexavakc\u00edny\">[&#8230;]<\/a><\/p>\n<\/div>","protected":false},"author":1,"featured_media":14172,"comment_status":"open","ping_status":"closed","sticky":false,"template":"","format":"standard","meta":{"footnotes":""},"categories":[9],"tags":[],"class_list":["post-28587","post","type-post","status-publish","format-standard","has-post-thumbnail","hentry","category-zpravy"],"_links":{"self":[{"href":"https:\/\/www.invarena.cz\/index.php?rest_route=\/wp\/v2\/posts\/28587","targetHints":{"allow":["GET"]}}],"collection":[{"href":"https:\/\/www.invarena.cz\/index.php?rest_route=\/wp\/v2\/posts"}],"about":[{"href":"https:\/\/www.invarena.cz\/index.php?rest_route=\/wp\/v2\/types\/post"}],"author":[{"embeddable":true,"href":"https:\/\/www.invarena.cz\/index.php?rest_route=\/wp\/v2\/users\/1"}],"replies":[{"embeddable":true,"href":"https:\/\/www.invarena.cz\/index.php?rest_route=%2Fwp%2Fv2%2Fcomments&post=28587"}],"version-history":[{"count":0,"href":"https:\/\/www.invarena.cz\/index.php?rest_route=\/wp\/v2\/posts\/28587\/revisions"}],"wp:featuredmedia":[{"embeddable":true,"href":"https:\/\/www.invarena.cz\/index.php?rest_route=\/wp\/v2\/media\/14172"}],"wp:attachment":[{"href":"https:\/\/www.invarena.cz\/index.php?rest_route=%2Fwp%2Fv2%2Fmedia&parent=28587"}],"wp:term":[{"taxonomy":"category","embeddable":true,"href":"https:\/\/www.invarena.cz\/index.php?rest_route=%2Fwp%2Fv2%2Fcategories&post=28587"},{"taxonomy":"post_tag","embeddable":true,"href":"https:\/\/www.invarena.cz\/index.php?rest_route=%2Fwp%2Fv2%2Ftags&post=28587"}],"curies":[{"name":"wp","href":"https:\/\/api.w.org\/{rel}","templated":true}]}}