{"id":28610,"date":"2017-07-03T13:21:19","date_gmt":"2017-07-03T11:21:19","guid":{"rendered":"http:\/\/www.invarena.cz\/?p=28610"},"modified":"2017-07-03T13:21:19","modified_gmt":"2017-07-03T11:21:19","slug":"centru-lira-da-lipa-penize-nejdriv-v-zari","status":"publish","type":"post","link":"https:\/\/www.invarena.cz\/?p=28610","title":{"rendered":"Centru LIRA d\u00e1 L\u00edpa pen\u00edze nejd\u0159\u00edv v z\u00e1\u0159\u00ed"},"content":{"rendered":"<p><strong>Jako n\u00e1sledek \u00fadajn\u011b nedostate\u010dn\u00e9ho financov\u00e1n\u00ed ze strany \u010cesk\u00e9 L\u00edpy, omezilo centrum pro autisty slu\u017eby ob\u010dan\u016fm m\u011bsta. Podle starostky by byl mimo\u0159\u00e1dn\u00fd p\u0159\u00edsp\u011bvek nespravedliv\u00fd k ostatn\u00edm soci\u00e1ln\u00edm slu\u017eb\u00e1m.<\/strong><!--more--><\/p>\n<p>\u010cesk\u00e1 L\u00edpa \u2013 Doslova politick\u00fd boj se v \u010cesk\u00e9 L\u00edp\u011b rozho\u0159el v ot\u00e1zce financov\u00e1n\u00ed centra pro rodiny s autistick\u00fdmi d\u011btmi LIRA. To za\u010d\u00e1tkem \u010dervna kv\u016fli nedostatku pen\u011bz omezilo p\u0159ij\u00edm\u00e1n\u00ed nov\u00fdch \u010deskolipsk\u00fdch klient\u016f.<\/p>\n<p>Na jedn\u00e9 stran\u011b stoj\u00ed opozi\u010dn\u00ed zastupitel\u00e9, kte\u0159\u00ed b\u011bhem posledn\u00edho jedn\u00e1n\u00ed v minul\u00e9m t\u00fddnu navrhli jednat o mimo\u0159\u00e1dn\u00e9m finan\u010dn\u00edm daru. Na druh\u00e9 stran\u011b je veden\u00ed m\u011bsta, raz\u00edc\u00ed zjednodu\u0161en\u011b \u0159e\u010deno &#8222;princip rovnosti&#8220;. Slibuje komplexn\u00ed \u0159e\u0161en\u00ed spravedliv\u00e9 i k ostatn\u00edm soci\u00e1ln\u00edm slu\u017eb\u00e1m. Ale nejd\u0159\u00edve po p\u0159\u00ed\u0161t\u00edm jedn\u00e1n\u00ed zastupitelstva na konci pr\u00e1zdnin.<\/p>\n<p>&#8222;Materi\u00e1l se ani nedostal na program jedn\u00e1n\u00ed. Starostka o probl\u00e9mu v\u00ed rok a st\u00e1le jen slibuje n\u00e1pravu,&#8220; \u0159\u00edk\u00e1 \u010deskolipsk\u00fd zastupitel Zden\u011bk Je\u017e\u00e1k, kter\u00fd byl spole\u010dn\u011b se zastupitelem Tom\u00e1\u0161em Vl\u010dkem p\u0159edkladatelem mimo\u0159\u00e1dn\u00e9ho bodu jedn\u00e1n\u00ed.<\/p>\n<p>S financov\u00e1n\u00edm obdobn\u00fdch soci\u00e1ln\u00edch slu\u017eeb je syst\u00e9mov\u00fd probl\u00e9m \u2013 vzhledem k tomu, \u017ee nemohou p\u0159ij\u00edmat pen\u00edze od sv\u00fdch klient\u016f, jsou z\u00e1visl\u00e9 na p\u0159\u00edsp\u011bvc\u00edch st\u00e1tu, kraj\u016f, m\u011bst a jin\u00fdch d\u00e1rc\u016f.<\/p>\n<p>JIN\u00cd DOSTALI<\/p>\n<p>V programu jedn\u00e1n\u00ed zastupitelstva 28. \u010dervna byl mimochodem dar ve v\u00fd\u0161i 150 000 K\u010d pro \u010deskolipsk\u00e9 Sdru\u017een\u00ed t\u011blesn\u011b posti\u017een\u00fdch. Zastupitel\u00e9 t\u00e9to \u017e\u00e1dosti vyhov\u011bli.<\/p>\n<p>&#8222;Jednalo se o mimo\u0159\u00e1dn\u00fd dar z fondu zastupitelstva m\u011bsta. Centru Lira nic nebr\u00e1nilo tak\u00e9 podat \u0159\u00e1dnou \u017e\u00e1dost,&#8220; \u0159\u00edk\u00e1 starostka \u010cesk\u00e9 L\u00edpy Romana \u017dateck\u00e1 s t\u00edm, \u017ee p\u0159esto\u017ee si pr\u00e1ce centra v\u00e1\u017e\u00ed, ob\u010dan\u00e9 pot\u0159ebuj\u00ed cel\u00e9 spektrum soci\u00e1ln\u00edch slu\u017eeb a nen\u00ed podle n\u00ed mo\u017en\u00e9 prot\u011b\u017eovat jednu organizaci nad druhou. Nav\u00edc v situaci, kdy se v drtiv\u00e9 v\u011bt\u0161in\u011b pod\u00edl\u00ed na financov\u00e1n\u00ed slu\u017eeb st\u00e1t.<\/p>\n<p>Letos u\u017e m\u011bsto centru LIRA poskytlo dotaci ve v\u00fd\u0161i 223 tis\u00edc korun, co\u017e je nejv\u00edce za celou historii jej\u00edho p\u016fsoben\u00ed v \u010cesk\u00e9 L\u00edp\u011b. V roce 2014 to bylo jen zhruba t\u0159icet tis\u00edc.<\/p>\n<p>Na druhou stranu, spole\u010dn\u011b s p\u0159\u00edsp\u011bvky se zvy\u0161uje po\u010det klient\u016f, kte\u0159\u00ed pot\u0159ebuj\u00ed slu\u017eby centra. &#8222;V tomto roce v\u00fdrazn\u011b stoupl po\u010det rodin z \u010cesk\u00e9 L\u00edpy, kter\u00fdm je slu\u017eba poskytov\u00e1na, a dal\u0161\u00edch deset jich \u010dek\u00e1 na p\u0159ijet\u00ed,&#8220; uv\u00e1d\u00ed \u0159editelka centra LIRA Alexandra Be\u010dv\u00e1\u0159ov\u00e1.<\/p>\n<p>JI\u0158\u00cd JEL\u00cdNEK<br \/>\n\u010ceskolipsk\u00fd den\u00edk<br \/>\n<a href=\"http:\/\/www.ceskolipsky.denik.cz\/\">http:\/\/www.ceskolipsky.denik.cz\/<\/a><\/p>\n","protected":false},"excerpt":{"rendered":"<div class=\"mh-excerpt\"><p>Jako n\u00e1sledek \u00fadajn\u011b nedostate\u010dn\u00e9ho financov\u00e1n\u00ed ze strany \u010cesk\u00e9 L\u00edpy, omezilo centrum pro autisty slu\u017eby ob\u010dan\u016fm m\u011bsta. Podle starostky by byl mimo\u0159\u00e1dn\u00fd p\u0159\u00edsp\u011bvek nespravedliv\u00fd k ostatn\u00edm <a class=\"mh-excerpt-more\" href=\"https:\/\/www.invarena.cz\/?p=28610\" title=\"Centru LIRA d\u00e1 L\u00edpa pen\u00edze nejd\u0159\u00edv v z\u00e1\u0159\u00ed\">[&#8230;]<\/a><\/p>\n<\/div>","protected":false},"author":1,"featured_media":18794,"comment_status":"open","ping_status":"closed","sticky":false,"template":"","format":"standard","meta":{"footnotes":""},"categories":[9],"tags":[],"class_list":["post-28610","post","type-post","status-publish","format-standard","has-post-thumbnail","hentry","category-zpravy"],"_links":{"self":[{"href":"https:\/\/www.invarena.cz\/index.php?rest_route=\/wp\/v2\/posts\/28610","targetHints":{"allow":["GET"]}}],"collection":[{"href":"https:\/\/www.invarena.cz\/index.php?rest_route=\/wp\/v2\/posts"}],"about":[{"href":"https:\/\/www.invarena.cz\/index.php?rest_route=\/wp\/v2\/types\/post"}],"author":[{"embeddable":true,"href":"https:\/\/www.invarena.cz\/index.php?rest_route=\/wp\/v2\/users\/1"}],"replies":[{"embeddable":true,"href":"https:\/\/www.invarena.cz\/index.php?rest_route=%2Fwp%2Fv2%2Fcomments&post=28610"}],"version-history":[{"count":0,"href":"https:\/\/www.invarena.cz\/index.php?rest_route=\/wp\/v2\/posts\/28610\/revisions"}],"wp:featuredmedia":[{"embeddable":true,"href":"https:\/\/www.invarena.cz\/index.php?rest_route=\/wp\/v2\/media\/18794"}],"wp:attachment":[{"href":"https:\/\/www.invarena.cz\/index.php?rest_route=%2Fwp%2Fv2%2Fmedia&parent=28610"}],"wp:term":[{"taxonomy":"category","embeddable":true,"href":"https:\/\/www.invarena.cz\/index.php?rest_route=%2Fwp%2Fv2%2Fcategories&post=28610"},{"taxonomy":"post_tag","embeddable":true,"href":"https:\/\/www.invarena.cz\/index.php?rest_route=%2Fwp%2Fv2%2Ftags&post=28610"}],"curies":[{"name":"wp","href":"https:\/\/api.w.org\/{rel}","templated":true}]}}