{"id":28661,"date":"2017-07-11T16:59:39","date_gmt":"2017-07-11T14:59:39","guid":{"rendered":"http:\/\/www.invarena.cz\/?p=28661"},"modified":"2017-07-11T16:59:39","modified_gmt":"2017-07-11T14:59:39","slug":"praha-bez-barier-bude-jiz-tuto-sobotu","status":"publish","type":"post","link":"https:\/\/www.invarena.cz\/?p=28661","title":{"rendered":"Praha bez bari\u00e9r bude ji\u017e tuto sobotu"},"content":{"rendered":"<p><strong>N\u00e1rodn\u00ed rada osob se zdravotn\u00edm posti\u017een\u00edm \u010cR zve na akci Praha bez bari\u00e9r, kter\u00e1 se bude konat v sobotu 15.7.2017 od 14 hod. N\u00e1v\u0161t\u011bvn\u00edci se na n\u00ed budou moci sezn\u00e1mit mimo jin\u00e9 s upraven\u00fdmi auty pro posti\u017een\u00e9 od spole\u010dnosti Opel. Z\u00e1\u0161titu nad akc\u00ed p\u0159evzala prim\u00e1torka hlavn\u00edho m\u011bsta Prahy pan\u00ed Adri\u00e1na Krn\u00e1\u010dov\u00e1.<\/strong><br \/>\n<!--more--><br \/>\nKompletn\u00ed informace naleznete na webu NRZP \u010cR:<br \/>\n<a href=\"http:\/\/nrzp.cz\/aktualne\/informace-predsedy-nrzp-cr\/1788-informace-c-53-2017-praha-bez-barier-1572017.html\">http:\/\/nrzp.cz\/aktualne\/informace-predsedy-nrzp-cr\/1788-informace-c-53-2017-praha-bez-barier-1572017.html<\/a><\/p>\n<p>Ji\u0159\u00ed Marek<br \/>\ninvArena<\/p>\n","protected":false},"excerpt":{"rendered":"<div class=\"mh-excerpt\"><p>N\u00e1rodn\u00ed rada osob se zdravotn\u00edm posti\u017een\u00edm \u010cR zve na akci Praha bez bari\u00e9r, kter\u00e1 se bude konat v sobotu 15.7.2017 od 14 hod. N\u00e1v\u0161t\u011bvn\u00edci se <a class=\"mh-excerpt-more\" href=\"https:\/\/www.invarena.cz\/?p=28661\" title=\"Praha bez bari\u00e9r bude ji\u017e tuto sobotu\">[&#8230;]<\/a><\/p>\n<\/div>","protected":false},"author":3,"featured_media":1457,"comment_status":"open","ping_status":"closed","sticky":false,"template":"","format":"standard","meta":{"footnotes":""},"categories":[9],"tags":[],"class_list":["post-28661","post","type-post","status-publish","format-standard","has-post-thumbnail","hentry","category-zpravy"],"_links":{"self":[{"href":"https:\/\/www.invarena.cz\/index.php?rest_route=\/wp\/v2\/posts\/28661","targetHints":{"allow":["GET"]}}],"collection":[{"href":"https:\/\/www.invarena.cz\/index.php?rest_route=\/wp\/v2\/posts"}],"about":[{"href":"https:\/\/www.invarena.cz\/index.php?rest_route=\/wp\/v2\/types\/post"}],"author":[{"embeddable":true,"href":"https:\/\/www.invarena.cz\/index.php?rest_route=\/wp\/v2\/users\/3"}],"replies":[{"embeddable":true,"href":"https:\/\/www.invarena.cz\/index.php?rest_route=%2Fwp%2Fv2%2Fcomments&post=28661"}],"version-history":[{"count":0,"href":"https:\/\/www.invarena.cz\/index.php?rest_route=\/wp\/v2\/posts\/28661\/revisions"}],"wp:featuredmedia":[{"embeddable":true,"href":"https:\/\/www.invarena.cz\/index.php?rest_route=\/wp\/v2\/media\/1457"}],"wp:attachment":[{"href":"https:\/\/www.invarena.cz\/index.php?rest_route=%2Fwp%2Fv2%2Fmedia&parent=28661"}],"wp:term":[{"taxonomy":"category","embeddable":true,"href":"https:\/\/www.invarena.cz\/index.php?rest_route=%2Fwp%2Fv2%2Fcategories&post=28661"},{"taxonomy":"post_tag","embeddable":true,"href":"https:\/\/www.invarena.cz\/index.php?rest_route=%2Fwp%2Fv2%2Ftags&post=28661"}],"curies":[{"name":"wp","href":"https:\/\/api.w.org\/{rel}","templated":true}]}}