{"id":28737,"date":"2017-07-19T12:04:23","date_gmt":"2017-07-19T10:04:23","guid":{"rendered":"http:\/\/www.invarena.cz\/?p=28737"},"modified":"2017-07-19T12:04:23","modified_gmt":"2017-07-19T10:04:23","slug":"mam-priznany-id-3-stupne-na-pul-roku-mohu-pracovat-na-plny-uvazek","status":"publish","type":"post","link":"https:\/\/www.invarena.cz\/?p=28737","title":{"rendered":"M\u00e1m p\u0159iznan\u00fd ID 3. stupn\u011b na p\u016fl roku. Mohu pracovat na pln\u00fd \u00favazek?"},"content":{"rendered":"<p><strong>Dotaz:<\/strong><br \/>\n<strong> Jsem po operaci TEP ky\u010deln\u00edho kloubu a byl mi p\u0159izn\u00e1n invalidn\u00ed d\u016fchod 3. stupn\u011b. Cht\u011bla bych se zeptat, zda kdy\u017e budu pob\u00edrat tento stupe\u0148, m\u016f\u017eu chodit do zam\u011bstn\u00e1n\u00ed \/ \u00fa\u010detn\u00ed \/ na 8 hodin \u00favazku na pracovn\u00ed smlouvu, ani\u017e bych p\u0159i\u0161la o m\u00e9 st\u00e1vaj\u00edc\u00ed zam\u011bstn\u00e1n\u00ed a d\u00e1le, zda m\u011b zam\u011bstnavatel nem\u016f\u017ee propustit z d\u016fvodu pob\u00edr\u00e1n\u00ed d\u016fchodu. D\u016fchod m\u00e1m p\u0159izn\u00e1n na p\u016fl roku s t\u00edm, \u017ee se p\u0159edpokl\u00e1d\u00e1, \u017ee po p\u016fl roce bude m\u016fj stav dobr\u00fd a d\u016fchod se mi sn\u00ed\u017e\u00ed na druh\u00fd stupe\u0148 nebo \u00fapln\u011b odebere.<\/strong><br \/>\n<!--more--><br \/>\nOdpov\u011b\u010f:<\/p>\n<p>U osob, kter\u00fdm je p\u0159izn\u00e1n invalidn\u00ed d\u016fchod t\u0159et\u00edho stupn\u011b na del\u0161\u00ed dobu, se doporu\u010duje, aby pracovaly na t\u0159i hodiny denn\u011b, to v\u0161ak nen\u00ed V\u00e1\u0161 p\u0159\u00edpad.<\/p>\n<p>Proto\u017ee pokud se p\u0159edpokl\u00e1d\u00e1, \u017ee V\u00e1m bude za p\u016fl roku d\u016fchod odebr\u00e1n nebo sn\u00ed\u017een, bylo by asi zcela nerozumn\u00e9 n\u011bco m\u011bnit na Va\u0161em zam\u011bstn\u00e1n\u00ed. V krajn\u00edm p\u0159\u00edpad\u011b se sice m\u016f\u017ee st\u00e1t, \u017ee by V\u00e1m mohl kv\u016fli tomu b\u00fdt d\u016fchod odebr\u00e1n je\u0161t\u011b d\u0159\u00edve, vzhledem k tomu, \u017ee ale Va\u0161e pozice \u00fa\u010detn\u00ed nen\u00ed v p\u0159\u00edm\u00e9m rozporu s Va\u0161\u00edm posti\u017een\u00edm, je to velice nepravd\u011bpodobn\u00e9.<\/p>\n<p>V\u00e1\u0161 zam\u011bstnavatel V\u00e1s kv\u016fli pob\u00edr\u00e1n\u00ed invalidn\u00edho d\u016fchodu propustit nesm\u00ed, ale m\u016f\u017ee V\u00e1s nechat vy\u0161et\u0159it z\u00e1vodn\u00edm l\u00e9ka\u0159em, kter\u00fd m\u016f\u017ee rozhodnout, \u017ee nejste ve Va\u0161em zdravotn\u00edm stavu schopna vykon\u00e1vat svou pracovn\u00ed \u010dinnost.<\/p>\n<p>Pak je n\u011bkolik mo\u017enost\u00ed, bu\u010f byste se s n\u00edm domluvila na zkr\u00e1cen\u00ed \u00favazku, p\u0159eveden\u00ed na m\u00e9n\u011b n\u00e1ro\u010dnou pracovn\u00ed pozici a nebo V\u00e1s m\u00e1 pr\u00e1vo propustit, proto\u017ee ze zdravotn\u00edch d\u016fvod\u016f nezvl\u00e1d\u00e1te svou pracovn\u00ed pozici.<\/p>\n<p>Jak u\u017e jsem ale psal v\u00fd\u0161e, vzhledem k tomu, \u017ee V\u00e1\u0161 invalidn\u00ed d\u016fchod je pravd\u011bpodobn\u011b \u010dasov\u011b omezen\u00fd, nelze o\u010dek\u00e1vat, \u017ee by se na Va\u0161em zam\u011bstn\u00e1n\u00ed n\u011bco m\u011bnilo, pokud Vy sama nebudete cht\u00edt.<\/p>\n<p>Ji\u0159\u00ed Marek<br \/>\ninvArena<\/p>\n","protected":false},"excerpt":{"rendered":"<div class=\"mh-excerpt\"><p>Dotaz: Jsem po operaci TEP ky\u010deln\u00edho kloubu a byl mi p\u0159izn\u00e1n invalidn\u00ed d\u016fchod 3. stupn\u011b. Cht\u011bla bych se zeptat, zda kdy\u017e budu pob\u00edrat tento stupe\u0148, <a class=\"mh-excerpt-more\" href=\"https:\/\/www.invarena.cz\/?p=28737\" title=\"M\u00e1m p\u0159iznan\u00fd ID 3. stupn\u011b na p\u016fl roku. Mohu pracovat na pln\u00fd \u00favazek?\">[&#8230;]<\/a><\/p>\n<\/div>","protected":false},"author":3,"featured_media":1253,"comment_status":"open","ping_status":"closed","sticky":false,"template":"","format":"standard","meta":{"footnotes":""},"categories":[18,9],"tags":[],"class_list":["post-28737","post","type-post","status-publish","format-standard","has-post-thumbnail","hentry","category-poradna","category-zpravy"],"_links":{"self":[{"href":"https:\/\/www.invarena.cz\/index.php?rest_route=\/wp\/v2\/posts\/28737","targetHints":{"allow":["GET"]}}],"collection":[{"href":"https:\/\/www.invarena.cz\/index.php?rest_route=\/wp\/v2\/posts"}],"about":[{"href":"https:\/\/www.invarena.cz\/index.php?rest_route=\/wp\/v2\/types\/post"}],"author":[{"embeddable":true,"href":"https:\/\/www.invarena.cz\/index.php?rest_route=\/wp\/v2\/users\/3"}],"replies":[{"embeddable":true,"href":"https:\/\/www.invarena.cz\/index.php?rest_route=%2Fwp%2Fv2%2Fcomments&post=28737"}],"version-history":[{"count":0,"href":"https:\/\/www.invarena.cz\/index.php?rest_route=\/wp\/v2\/posts\/28737\/revisions"}],"wp:featuredmedia":[{"embeddable":true,"href":"https:\/\/www.invarena.cz\/index.php?rest_route=\/wp\/v2\/media\/1253"}],"wp:attachment":[{"href":"https:\/\/www.invarena.cz\/index.php?rest_route=%2Fwp%2Fv2%2Fmedia&parent=28737"}],"wp:term":[{"taxonomy":"category","embeddable":true,"href":"https:\/\/www.invarena.cz\/index.php?rest_route=%2Fwp%2Fv2%2Fcategories&post=28737"},{"taxonomy":"post_tag","embeddable":true,"href":"https:\/\/www.invarena.cz\/index.php?rest_route=%2Fwp%2Fv2%2Ftags&post=28737"}],"curies":[{"name":"wp","href":"https:\/\/api.w.org\/{rel}","templated":true}]}}