{"id":28803,"date":"2017-07-27T12:05:34","date_gmt":"2017-07-27T10:05:34","guid":{"rendered":"http:\/\/www.invarena.cz\/?p=28803"},"modified":"2017-07-27T12:05:34","modified_gmt":"2017-07-27T10:05:34","slug":"sestra-je-zcela-nevidoma-a-bude-si-zadat-o-id-je-sance-ze-ji-bude-priznan","status":"publish","type":"post","link":"https:\/\/www.invarena.cz\/?p=28803","title":{"rendered":"Sestra je zcela nevidom\u00e1 a bude si \u017e\u00e1dat o ID. Je \u0161ance, \u017ee j\u00ed bude p\u0159izn\u00e1n?"},"content":{"rendered":"<p><strong>Dotaz:<\/strong><br \/>\n<strong> M\u00e9 sest\u0159e je 17 let a je zcela nevidom\u00e1. Sly\u0161ela jsem, \u017ee a\u017e j\u00ed bude 18, m\u016f\u017ee si za\u017e\u00e1dat o invalidn\u00ed d\u016fchod. Je \u0161ance, \u017ee j\u00ed bude p\u0159izn\u00e1n, i kdy\u017e si zat\u00edm je\u0161t\u011b neplatila ani \u017e\u00e1dn\u00e9 soci\u00e1ln\u00ed poji\u0161t\u011bn\u00ed?<\/strong><br \/>\n<!--more--><br \/>\nOdpov\u011b\u010f:<\/p>\n<p>Lid\u00e9, kte\u0159\u00ed jsou zcela nevidom\u00fd z pravidla od 18 let pob\u00edraj\u00ed invalidn\u00ed d\u016fchod. Je jim p\u0159izn\u00e1na tzv. invalidita z ml\u00e1d\u00ed. Takov\u00e9 handicapovan\u00e9 osoby si nemus\u00ed platit soci\u00e1ln\u00ed poji\u0161t\u011bn\u00ed a je jim d\u016fchod vypl\u00e1cen.<\/p>\n<p>Je pot\u0159eba, aby si Va\u0161e sestra za\u017e\u00e1dala o invalidn\u00ed d\u016fchod na Okresn\u00ed spr\u00e1v\u011b soci\u00e1ln\u00edho zabezpe\u010den\u00ed. O p\u0159izn\u00e1n\u00ed d\u016fchodu rozhodne L\u00e9ka\u0159sk\u00e1 posudkov\u00e1 slu\u017eba \u010cSSZ a to na z\u00e1klad\u011b zdravotn\u00ed dokumentace zaslan\u00e9 l\u00e9ka\u0159em Va\u0161\u00ed sestry. Vzhledem k jej\u00edmu posti\u017een\u00ed by to ale m\u011bla v podstat\u011b b\u00fdt pouze formalita.<\/p>\n<p>Ji\u0159\u00ed Marek<br \/>\ninvArena<\/p>\n","protected":false},"excerpt":{"rendered":"<div class=\"mh-excerpt\"><p>Dotaz: M\u00e9 sest\u0159e je 17 let a je zcela nevidom\u00e1. Sly\u0161ela jsem, \u017ee a\u017e j\u00ed bude 18, m\u016f\u017ee si za\u017e\u00e1dat o invalidn\u00ed d\u016fchod. Je \u0161ance, <a class=\"mh-excerpt-more\" href=\"https:\/\/www.invarena.cz\/?p=28803\" title=\"Sestra je zcela nevidom\u00e1 a bude si \u017e\u00e1dat o ID. Je \u0161ance, \u017ee j\u00ed bude p\u0159izn\u00e1n?\">[&#8230;]<\/a><\/p>\n<\/div>","protected":false},"author":3,"featured_media":19086,"comment_status":"open","ping_status":"closed","sticky":false,"template":"","format":"standard","meta":{"footnotes":""},"categories":[18],"tags":[],"class_list":["post-28803","post","type-post","status-publish","format-standard","has-post-thumbnail","hentry","category-poradna"],"_links":{"self":[{"href":"https:\/\/www.invarena.cz\/index.php?rest_route=\/wp\/v2\/posts\/28803","targetHints":{"allow":["GET"]}}],"collection":[{"href":"https:\/\/www.invarena.cz\/index.php?rest_route=\/wp\/v2\/posts"}],"about":[{"href":"https:\/\/www.invarena.cz\/index.php?rest_route=\/wp\/v2\/types\/post"}],"author":[{"embeddable":true,"href":"https:\/\/www.invarena.cz\/index.php?rest_route=\/wp\/v2\/users\/3"}],"replies":[{"embeddable":true,"href":"https:\/\/www.invarena.cz\/index.php?rest_route=%2Fwp%2Fv2%2Fcomments&post=28803"}],"version-history":[{"count":0,"href":"https:\/\/www.invarena.cz\/index.php?rest_route=\/wp\/v2\/posts\/28803\/revisions"}],"wp:featuredmedia":[{"embeddable":true,"href":"https:\/\/www.invarena.cz\/index.php?rest_route=\/wp\/v2\/media\/19086"}],"wp:attachment":[{"href":"https:\/\/www.invarena.cz\/index.php?rest_route=%2Fwp%2Fv2%2Fmedia&parent=28803"}],"wp:term":[{"taxonomy":"category","embeddable":true,"href":"https:\/\/www.invarena.cz\/index.php?rest_route=%2Fwp%2Fv2%2Fcategories&post=28803"},{"taxonomy":"post_tag","embeddable":true,"href":"https:\/\/www.invarena.cz\/index.php?rest_route=%2Fwp%2Fv2%2Ftags&post=28803"}],"curies":[{"name":"wp","href":"https:\/\/api.w.org\/{rel}","templated":true}]}}