{"id":28849,"date":"2017-08-03T13:44:55","date_gmt":"2017-08-03T11:44:55","guid":{"rendered":"http:\/\/www.invarena.cz\/?p=28849"},"modified":"2017-08-03T13:44:55","modified_gmt":"2017-08-03T11:44:55","slug":"sedi-na-voziku-nemaji-ruce-a-nohy-nevidi-jedou-na-kolech-2222-kilometru-za-111-hodin","status":"publish","type":"post","link":"https:\/\/www.invarena.cz\/?p=28849","title":{"rendered":"Sed\u00ed na voz\u00edku, nemaj\u00ed ruce a nohy, nevid\u00ed. Jedou na kolech 2222 kilometr\u016f za 111 hodin!"},"content":{"rendered":"<p><strong>V \u00fater\u00fd 1. srpna odstartoval z Prahy nejdel\u0161\u00ed cyklistick\u00fd podnik v \u010cesku Metrostav Handy Cyklo Maraton. Nonstop j\u00edzdu okolo \u010ceska spole\u010dn\u011b absolvuj\u00ed t\u011b\u017ece zdravotn\u011b posti\u017een\u00ed se zdrav\u00fdmi. Trasu 2222 km mus\u00ed \u010dty\u0159- nebo osmi\u010dlenn\u00e9 t\u00fdmy zdolat v limitu 111 hodin. Jedou p\u011bt dn\u00ed a p\u011bt noc\u00ed bez zastaven\u00ed, aby t\u00edm podpo\u0159ili my\u0161lenku, \u017ee zdrav\u00ed a handicapovan\u00ed mohou fungovat jako jeden t\u00fdm! A pokud to jde v podm\u00ednk\u00e1ch extr\u00e9mn\u00edho sportu, pro\u010d by to ne\u0161lo venku na ulici?<\/strong> <!--more--><\/p>\n<p>Praha \u2013 &#8222;P\u016fvodn\u011b jsme tento projekt stav\u011bli s t\u00edm, \u017ee bude pom\u00e1hat handicapovan\u00fdm. Postupn\u011b zji\u0161\u0165ujeme, \u017ee snad i mnohem v\u00edce p\u0159in\u00e1\u0161\u00ed zdrav\u00fdm. Lid\u00e9 v maratonu se mnohdy nikdy tv\u00e1\u0159\u00ed v tv\u00e1\u0159 nesetkali s posti\u017een\u00fdm \u010dlov\u011bkem. Pro n\u011bkoho m\u016f\u017ee b\u00fdt t\u011b\u017ek\u00e9 p\u0159ekonat po\u010d\u00e1te\u010dn\u00ed ostych. Pak ale zjist\u00ed, \u017ee lid\u00e9 s handicapem jsou stejn\u00ed jako oni. \u017de mohou b\u00fdt kamar\u00e1di, \u017ee nepot\u0159ebuj\u00ed l\u00edtost. A zdrav\u00fdm se ulev\u00ed. P\u0159ijde mi, \u017ee jsou najednou v\u00edce \u0161\u0165astn\u00ed. Vn\u00edmaj\u00ed k\u0159ehkost \u017eivota i jeho kr\u00e1sy. Uv\u011bdomuj\u00ed si, co maj\u00ed. Doch\u00e1z\u00ed nadnesen\u011b k jak\u00e9musi osv\u00edcen\u00ed,&#8220; \u0159\u00edk\u00e1 \u0159editel neziskov\u00e9 organizace Cesta za snem He\u0159man Volf, kter\u00fd s\u00e1m sed\u00ed na voz\u00edku a dod\u00e1v\u00e1: &#8222;Kdy\u017e n\u011bkomu pom\u016f\u017eete, pom\u016f\u017eete t\u00edm i sob\u011b.<br \/>\nM\u00e1te radost, c\u00edt\u00edte se dob\u0159e.<\/p>\n<p>No a lid\u00e9 s handicapem? T\u011bm se sna\u017e\u00edme dod\u00e1vat sebev\u011bdom\u00ed, nov\u00e9 zku\u0161enosti, z\u00e1\u017eitky, motivaci a hlavn\u011b kamar\u00e1dy a pocit, \u017ee jsou sou\u010d\u00e1st\u00ed spole\u010dnosti. To nejhor\u0161\u00ed pro posti\u017een\u00e9ho \u010dlov\u011bka je odlou\u010den\u00ed, odcizen\u00ed. Od spole\u010dnosti, od rodiny, p\u0159\u00e1tel. My se sna\u017e\u00edme uk\u00e1zat, \u017ee i s handicapem m\u016f\u017eete sportovat, pracovat, bavit se s kamar\u00e1dy, \u017e\u00edt naplno. \u017de to prost\u011b jde.&#8220;<\/p>\n<p>P\u00e1t\u00fd ro\u010dn\u00edk Metrostav Handy Cyklo Maratonu, kter\u00fd vznikl mimo jin\u00e9 za podpory CzechTourism, Nadace \u010cEZ nebo Nadace Preciosa, ale tak\u00e9 v\u0161ech kraj\u016f \u010cesk\u00e9 republiky a hlavn\u00edho m\u011bsta Prahy, obkrou\u017e\u00ed b\u011bhem tohoto t\u00fddne cel\u00e9 \u010cesko. Projekt lze sledovat z mobilu, tabletu nebo po\u010d\u00edta\u010de on-line v re\u00e1ln\u00e9m \u010dase na www.cestazasnem.cz a je mo\u017en\u00e9 se na vybran\u00fdch m\u00edstech p\u0159id\u00e1vat nebo podpo\u0159it ho osobn\u011b.<\/p>\n<p>C\u00edl a slavnostn\u00ed vyhl\u00e1\u0161en\u00ed v\u00fdsledk\u016f spolu s atrakcemi a koncerty kapel prob\u011bhne 5. srpna na pra\u017esk\u00e9 Kamp\u011b za podpory m\u011bstsk\u00e9 \u010d\u00e1sti Praha 1. Program pro d\u011bti i dosp\u011bl\u00e9 startuje ve t\u0159i odpoledne a kon\u010d\u00ed koncertem kapely Eddie Stoilow v dev\u011bt ve\u010der.<\/p>\n<p>Olomouck\u00fd den\u00edk<br \/>\n<a href=\"http:\/\/www.olomoucky.denik.cz\/\">http:\/\/www.olomoucky.denik.cz\/<\/a><\/p>\n","protected":false},"excerpt":{"rendered":"<div class=\"mh-excerpt\"><p>V \u00fater\u00fd 1. srpna odstartoval z Prahy nejdel\u0161\u00ed cyklistick\u00fd podnik v \u010cesku Metrostav Handy Cyklo Maraton. Nonstop j\u00edzdu okolo \u010ceska spole\u010dn\u011b absolvuj\u00ed t\u011b\u017ece zdravotn\u011b posti\u017een\u00ed <a class=\"mh-excerpt-more\" href=\"https:\/\/www.invarena.cz\/?p=28849\" title=\"Sed\u00ed na voz\u00edku, nemaj\u00ed ruce a nohy, nevid\u00ed. Jedou na kolech 2222 kilometr\u016f za 111 hodin!\">[&#8230;]<\/a><\/p>\n<\/div>","protected":false},"author":1,"featured_media":4795,"comment_status":"open","ping_status":"closed","sticky":false,"template":"","format":"standard","meta":{"footnotes":""},"categories":[9],"tags":[],"class_list":["post-28849","post","type-post","status-publish","format-standard","has-post-thumbnail","hentry","category-zpravy"],"_links":{"self":[{"href":"https:\/\/www.invarena.cz\/index.php?rest_route=\/wp\/v2\/posts\/28849","targetHints":{"allow":["GET"]}}],"collection":[{"href":"https:\/\/www.invarena.cz\/index.php?rest_route=\/wp\/v2\/posts"}],"about":[{"href":"https:\/\/www.invarena.cz\/index.php?rest_route=\/wp\/v2\/types\/post"}],"author":[{"embeddable":true,"href":"https:\/\/www.invarena.cz\/index.php?rest_route=\/wp\/v2\/users\/1"}],"replies":[{"embeddable":true,"href":"https:\/\/www.invarena.cz\/index.php?rest_route=%2Fwp%2Fv2%2Fcomments&post=28849"}],"version-history":[{"count":0,"href":"https:\/\/www.invarena.cz\/index.php?rest_route=\/wp\/v2\/posts\/28849\/revisions"}],"wp:featuredmedia":[{"embeddable":true,"href":"https:\/\/www.invarena.cz\/index.php?rest_route=\/wp\/v2\/media\/4795"}],"wp:attachment":[{"href":"https:\/\/www.invarena.cz\/index.php?rest_route=%2Fwp%2Fv2%2Fmedia&parent=28849"}],"wp:term":[{"taxonomy":"category","embeddable":true,"href":"https:\/\/www.invarena.cz\/index.php?rest_route=%2Fwp%2Fv2%2Fcategories&post=28849"},{"taxonomy":"post_tag","embeddable":true,"href":"https:\/\/www.invarena.cz\/index.php?rest_route=%2Fwp%2Fv2%2Ftags&post=28849"}],"curies":[{"name":"wp","href":"https:\/\/api.w.org\/{rel}","templated":true}]}}