{"id":28851,"date":"2017-08-03T14:01:36","date_gmt":"2017-08-03T12:01:36","guid":{"rendered":"http:\/\/www.invarena.cz\/?p=28851"},"modified":"2017-08-03T14:01:36","modified_gmt":"2017-08-03T12:01:36","slug":"jake-prekazky-maji-hendikepovani","status":"publish","type":"post","link":"https:\/\/www.invarena.cz\/?p=28851","title":{"rendered":"Jak\u00e9 p\u0159ek\u00e1\u017eky maj\u00ed hendikepovan\u00ed?"},"content":{"rendered":"<p><strong>V prostor\u00e1ch kav\u00e1rny v plze\u0148sk\u00e9 Pap\u00edrn\u011b je v sou\u010dasn\u00e9 dob\u011b k vid\u011bn\u00ed nau\u010dn\u00e1 putovn\u00ed v\u00fdstava s n\u00e1zvem Zdravotn\u00ed posti\u017een\u00ed a rozvojov\u00e1 spolupr\u00e1ce: 10 fakt\u016f nebo omyl\u016f?<\/strong> <!--more--><\/p>\n<p>Plze\u0148 \u2013 Expozice informuje o pom\u011brech, ve kter\u00fdch \u017eij\u00ed osoby se zdravotn\u00edm posti\u017een\u00edm v rozvojov\u00fdch zem\u00edch, i o tom, jak\u00e9 p\u0159ek\u00e1\u017eky mus\u00ed hendikepovan\u00ed p\u0159ekon\u00e1vat.<\/p>\n<p>&#8222;V\u00fdstavou chceme uk\u00e1zat, jak\u00e9 stereotypy se \u010dasto poj\u00ed s debatou o lep\u0161\u00edm za\u010dlen\u011bn\u00ed osob se zdravotn\u00edm posti\u017een\u00edm do rozvojov\u00fdch program\u016f,&#8220; popsala koordin\u00e1torka projektu Za inkluzivn\u00ed rozvoj Michaela Vyle\u017e\u00edkov\u00e1.<\/p>\n<p>V r\u00e1mci v\u00fdstavy je uvedeno deset nej\u010dast\u011bj\u0161\u00edch m\u00fdt\u016f. Expozice je k vid\u011bn\u00ed do konce srpna.<\/p>\n<p>Plze\u0148sk\u00fd den\u00edk<br \/>\n<a href=\"http:\/\/plzensky.denik.cz\/\">http:\/\/plzensky.denik.cz\/<\/a><\/p>\n","protected":false},"excerpt":{"rendered":"<div class=\"mh-excerpt\"><p>V prostor\u00e1ch kav\u00e1rny v plze\u0148sk\u00e9 Pap\u00edrn\u011b je v sou\u010dasn\u00e9 dob\u011b k vid\u011bn\u00ed nau\u010dn\u00e1 putovn\u00ed v\u00fdstava s n\u00e1zvem Zdravotn\u00ed posti\u017een\u00ed a rozvojov\u00e1 spolupr\u00e1ce: 10 fakt\u016f nebo <a class=\"mh-excerpt-more\" href=\"https:\/\/www.invarena.cz\/?p=28851\" title=\"Jak\u00e9 p\u0159ek\u00e1\u017eky maj\u00ed hendikepovan\u00ed?\">[&#8230;]<\/a><\/p>\n<\/div>","protected":false},"author":1,"featured_media":14017,"comment_status":"open","ping_status":"closed","sticky":false,"template":"","format":"standard","meta":{"footnotes":""},"categories":[9],"tags":[],"class_list":["post-28851","post","type-post","status-publish","format-standard","has-post-thumbnail","hentry","category-zpravy"],"_links":{"self":[{"href":"https:\/\/www.invarena.cz\/index.php?rest_route=\/wp\/v2\/posts\/28851","targetHints":{"allow":["GET"]}}],"collection":[{"href":"https:\/\/www.invarena.cz\/index.php?rest_route=\/wp\/v2\/posts"}],"about":[{"href":"https:\/\/www.invarena.cz\/index.php?rest_route=\/wp\/v2\/types\/post"}],"author":[{"embeddable":true,"href":"https:\/\/www.invarena.cz\/index.php?rest_route=\/wp\/v2\/users\/1"}],"replies":[{"embeddable":true,"href":"https:\/\/www.invarena.cz\/index.php?rest_route=%2Fwp%2Fv2%2Fcomments&post=28851"}],"version-history":[{"count":0,"href":"https:\/\/www.invarena.cz\/index.php?rest_route=\/wp\/v2\/posts\/28851\/revisions"}],"wp:featuredmedia":[{"embeddable":true,"href":"https:\/\/www.invarena.cz\/index.php?rest_route=\/wp\/v2\/media\/14017"}],"wp:attachment":[{"href":"https:\/\/www.invarena.cz\/index.php?rest_route=%2Fwp%2Fv2%2Fmedia&parent=28851"}],"wp:term":[{"taxonomy":"category","embeddable":true,"href":"https:\/\/www.invarena.cz\/index.php?rest_route=%2Fwp%2Fv2%2Fcategories&post=28851"},{"taxonomy":"post_tag","embeddable":true,"href":"https:\/\/www.invarena.cz\/index.php?rest_route=%2Fwp%2Fv2%2Ftags&post=28851"}],"curies":[{"name":"wp","href":"https:\/\/api.w.org\/{rel}","templated":true}]}}