{"id":28860,"date":"2017-08-07T12:49:30","date_gmt":"2017-08-07T10:49:30","guid":{"rendered":"http:\/\/www.invarena.cz\/?p=28860"},"modified":"2017-08-07T12:49:30","modified_gmt":"2017-08-07T10:49:30","slug":"nevidomym-lavicka-neprekazi-tvrdil-magistrat-pak-ji-potichu-posunul","status":"publish","type":"post","link":"https:\/\/www.invarena.cz\/?p=28860","title":{"rendered":"Nevidom\u00fdm lavi\u010dka nep\u0159ek\u00e1\u017e\u00ed, tvrdil magistr\u00e1t. Pak ji potichu posunul"},"content":{"rendered":"<p><strong>Olomouck\u00e1 radnice ustoupila ve sporu o problematick\u00e9 um\u00edst\u011bn\u00ed wi-fi lavi\u010dky v Ro\u017e\u0148avsk\u00e9 ulici. Kritici na Facebooku upozornili, \u017ee stoj\u00ed na um\u011bl\u00e9 vodic\u00ed linii pro nevidom\u00e9 a MF DNES to pot\u00e9 potvrdili odborn\u00edci. Magistr\u00e1t se h\u00e1jil, \u017ee jde pouze o odvod\u0148ovac\u00ed \u017el\u00e1bky. Pozd\u011bji v\u0161ak nechal lavi\u010dku v tichosti p\u0159esunout.<\/strong><!--more--><\/p>\n<p>Cel\u00fd \u010dl\u00e1nek <a href=\"http:\/\/olomouc.idnes.cz\/olomouc-wi-fi-lavicka-presun-spor-prekazka-pro-nevidome-pj8-\/olomouc-zpravy.aspx?c=A170803_342907_olomouc-zpravy_stk\">ZDE<\/a><\/p>\n","protected":false},"excerpt":{"rendered":"<div class=\"mh-excerpt\"><p>Olomouck\u00e1 radnice ustoupila ve sporu o problematick\u00e9 um\u00edst\u011bn\u00ed wi-fi lavi\u010dky v Ro\u017e\u0148avsk\u00e9 ulici. Kritici na Facebooku upozornili, \u017ee stoj\u00ed na um\u011bl\u00e9 vodic\u00ed linii pro nevidom\u00e9 <a class=\"mh-excerpt-more\" href=\"https:\/\/www.invarena.cz\/?p=28860\" title=\"Nevidom\u00fdm lavi\u010dka nep\u0159ek\u00e1\u017e\u00ed, tvrdil magistr\u00e1t. Pak ji potichu posunul\">[&#8230;]<\/a><\/p>\n<\/div>","protected":false},"author":1,"featured_media":19083,"comment_status":"open","ping_status":"closed","sticky":false,"template":"","format":"standard","meta":{"footnotes":""},"categories":[9],"tags":[],"class_list":["post-28860","post","type-post","status-publish","format-standard","has-post-thumbnail","hentry","category-zpravy"],"_links":{"self":[{"href":"https:\/\/www.invarena.cz\/index.php?rest_route=\/wp\/v2\/posts\/28860","targetHints":{"allow":["GET"]}}],"collection":[{"href":"https:\/\/www.invarena.cz\/index.php?rest_route=\/wp\/v2\/posts"}],"about":[{"href":"https:\/\/www.invarena.cz\/index.php?rest_route=\/wp\/v2\/types\/post"}],"author":[{"embeddable":true,"href":"https:\/\/www.invarena.cz\/index.php?rest_route=\/wp\/v2\/users\/1"}],"replies":[{"embeddable":true,"href":"https:\/\/www.invarena.cz\/index.php?rest_route=%2Fwp%2Fv2%2Fcomments&post=28860"}],"version-history":[{"count":0,"href":"https:\/\/www.invarena.cz\/index.php?rest_route=\/wp\/v2\/posts\/28860\/revisions"}],"wp:featuredmedia":[{"embeddable":true,"href":"https:\/\/www.invarena.cz\/index.php?rest_route=\/wp\/v2\/media\/19083"}],"wp:attachment":[{"href":"https:\/\/www.invarena.cz\/index.php?rest_route=%2Fwp%2Fv2%2Fmedia&parent=28860"}],"wp:term":[{"taxonomy":"category","embeddable":true,"href":"https:\/\/www.invarena.cz\/index.php?rest_route=%2Fwp%2Fv2%2Fcategories&post=28860"},{"taxonomy":"post_tag","embeddable":true,"href":"https:\/\/www.invarena.cz\/index.php?rest_route=%2Fwp%2Fv2%2Ftags&post=28860"}],"curies":[{"name":"wp","href":"https:\/\/api.w.org\/{rel}","templated":true}]}}