{"id":28861,"date":"2017-08-07T13:02:28","date_gmt":"2017-08-07T11:02:28","guid":{"rendered":"http:\/\/www.invarena.cz\/?p=28861"},"modified":"2017-08-07T13:02:28","modified_gmt":"2017-08-07T11:02:28","slug":"vozickari-reprezentovali-na-ms","status":"publish","type":"post","link":"https:\/\/www.invarena.cz\/?p=28861","title":{"rendered":"Voz\u00ed\u010dk\u00e1\u0159i reprezentovali na MS"},"content":{"rendered":"<p><strong>V Lond\u00fdn\u011b se uskute\u010dnilo mistrovstv\u00ed sv\u011bta voz\u00ed\u010dk\u00e1\u0159\u016f a t\u011blesn\u011b posti\u017een\u00fdch za obrovsk\u00e9 \u00fa\u010dasti atlet\u016f z cel\u00e9ho sv\u011bta.<\/strong><!--more--><\/p>\n<p>Olomouc \u2013 Na sv\u011btov\u00fd \u0161ampion\u00e1t se kvalifikovali tak\u00e9 \u010dlenov\u00e9 AK Olomouc. Jako prvn\u00ed startoval v hodu o\u0161t\u011bpem Du\u0161an \u0160\u010dambura (F55), kter\u00fd obsadil v\u00fdkonem 21,88 m des\u00e1t\u00e9 m\u00edsto. Tent\u00fd\u017e den sout\u011b\u017eila v hodu diskem Miroslava Obrov\u00e1 (F57), kter\u00e1 hodem dlouh\u00fdm 18,83 m skon\u010dila na 12. m\u00edst\u011b. Eva Kacanu (F54) startovala ve sv\u00e9 discipl\u00edn\u011b vrhu koul\u00ed. V\u00fdkonem 5,61 m vybojovala p\u00e1t\u00e9 m\u00edsto kdy\u017e za sv\u00fdm leto\u0161n\u00edm osobn\u00edm v\u00fdkonem zaostala o pouh\u00e9 dva centimetry. Nejlep\u0161\u00edho um\u00edst\u011bn\u00ed dos\u00e1hl Martin Kukla (F37), kter\u00fd startoval v hodu o\u0161t\u011bpem. Na leto\u0161n\u00ed osobn\u00ed v\u00fdkon 41 m sice nedos\u00e1hl, ale v\u00fdkonem 38,52 m obsadil lichotiv\u00e9 \u010dtvrt\u00e9 m\u00edsto. Nutno dodat, \u017ee konkurence v hodu o\u0161t\u011bpem byla velmi siln\u00e1. V\u00edt\u011bz hodil o\u0161t\u011bp na metu 55,89 m a na bronz bylo t\u0159eba dos\u00e1hnout v\u00fdkonu 47,72 m.<\/p>\n<p>Olomouck\u00fd den\u00edk<br \/>\n<a href=\"http:\/\/www.olomoucky.denik.cz\/\">http:\/\/www.olomoucky.denik.cz\/<\/a><\/p>\n","protected":false},"excerpt":{"rendered":"<div class=\"mh-excerpt\"><p>V Lond\u00fdn\u011b se uskute\u010dnilo mistrovstv\u00ed sv\u011bta voz\u00ed\u010dk\u00e1\u0159\u016f a t\u011blesn\u011b posti\u017een\u00fdch za obrovsk\u00e9 \u00fa\u010dasti atlet\u016f z cel\u00e9ho sv\u011bta.<\/p>\n<\/div>","protected":false},"author":1,"featured_media":7022,"comment_status":"open","ping_status":"closed","sticky":false,"template":"","format":"standard","meta":{"footnotes":""},"categories":[9],"tags":[],"class_list":["post-28861","post","type-post","status-publish","format-standard","has-post-thumbnail","hentry","category-zpravy"],"_links":{"self":[{"href":"https:\/\/www.invarena.cz\/index.php?rest_route=\/wp\/v2\/posts\/28861","targetHints":{"allow":["GET"]}}],"collection":[{"href":"https:\/\/www.invarena.cz\/index.php?rest_route=\/wp\/v2\/posts"}],"about":[{"href":"https:\/\/www.invarena.cz\/index.php?rest_route=\/wp\/v2\/types\/post"}],"author":[{"embeddable":true,"href":"https:\/\/www.invarena.cz\/index.php?rest_route=\/wp\/v2\/users\/1"}],"replies":[{"embeddable":true,"href":"https:\/\/www.invarena.cz\/index.php?rest_route=%2Fwp%2Fv2%2Fcomments&post=28861"}],"version-history":[{"count":0,"href":"https:\/\/www.invarena.cz\/index.php?rest_route=\/wp\/v2\/posts\/28861\/revisions"}],"wp:featuredmedia":[{"embeddable":true,"href":"https:\/\/www.invarena.cz\/index.php?rest_route=\/wp\/v2\/media\/7022"}],"wp:attachment":[{"href":"https:\/\/www.invarena.cz\/index.php?rest_route=%2Fwp%2Fv2%2Fmedia&parent=28861"}],"wp:term":[{"taxonomy":"category","embeddable":true,"href":"https:\/\/www.invarena.cz\/index.php?rest_route=%2Fwp%2Fv2%2Fcategories&post=28861"},{"taxonomy":"post_tag","embeddable":true,"href":"https:\/\/www.invarena.cz\/index.php?rest_route=%2Fwp%2Fv2%2Ftags&post=28861"}],"curies":[{"name":"wp","href":"https:\/\/api.w.org\/{rel}","templated":true}]}}