{"id":28882,"date":"2017-08-09T17:00:49","date_gmt":"2017-08-09T15:00:49","guid":{"rendered":"http:\/\/www.invarena.cz\/?p=28882"},"modified":"2017-08-09T17:00:49","modified_gmt":"2017-08-09T15:00:49","slug":"lidem-s-demenci-ukazuji-fotky-pomaha-jim-to","status":"publish","type":"post","link":"https:\/\/www.invarena.cz\/?p=28882","title":{"rendered":"Lidem s demenc\u00ed ukazuj\u00ed fotky. Pom\u00e1h\u00e1 jim to"},"content":{"rendered":"<p><strong>Poslech zn\u00e1m\u00e9 hudby, vn\u00edm\u00e1n\u00ed v\u016fn\u00ed \u010di hlas\u016f, sledov\u00e1n\u00ed obl\u00edben\u00fdch po\u0159ad\u016f nebo fotografi\u00ed. I tyto \u010dinnosti mohou v p\u0159\u00edpad\u011b t\u011b\u017ece posti\u017een\u00fdch a nemocn\u00fdch lid\u00ed p\u0159in\u00e1\u0161et v\u00fdznamn\u00e9 pokroky v oblasti vn\u00edm\u00e1n\u00ed, komunikace \u010di pohybu. V Jesenick\u00e9 nemocnici koncept baz\u00e1ln\u00ed stimulace nov\u011b vyu\u017e\u00edvaj\u00ed u osob s demenc\u00ed \u010di jinak t\u011b\u017ece nemocn\u00fdch.<\/strong><!--more--><\/p>\n<p>Jesen\u00edk \u2013 &#8222;Baz\u00e1ln\u00ed stimulace vy\u017eaduje mno\u017estv\u00ed \u010dasu i trp\u011blivosti. Aby stimuluj\u00edc\u00ed p\u00e9\u010de byla efektivn\u00ed, je nav\u00edc pot\u0159eba velk\u00e1 otev\u0159enost a spolupr\u00e1ce s p\u0159\u00edbuzn\u00fdmi pacienta pro seps\u00e1n\u00ed biografick\u00e9 anamn\u00e9zy. Jedn\u00e1 se zejm\u00e9na o z\u00edsk\u00e1n\u00ed co nejv\u011brohodn\u011bj\u0161\u00edch informac\u00ed o jeho n\u00e1vyc\u00edch,&#8220; vysv\u011btlila vrchn\u00ed sestra odd\u011blen\u00ed LDN Jesenick\u00e9 nemocnice V\u011bra Kocianov\u00e1. Pacienti jsou d\u00edky t\u00e9to metod\u011b klidn\u011bj\u0161\u00ed, vn\u00edmav\u011bj\u0161\u00ed a sn\u00e1ze se orientuj\u00ed.<\/p>\n<p>Zaveden\u00ed konceptu baz\u00e1ln\u00ed stimulace v LDN Jesenick\u00e9 nemocnice jde ruku v ruce s modernizac\u00ed odd\u011blen\u00ed, kter\u00e9 bylo loni za dvacet milion\u016f korun kompletn\u011b zrekonstruov\u00e1no i nov\u011b vybaveno.<\/p>\n<p>\u0160umpersk\u00fd a Jesenick\u00fd den\u00edk<br \/>\n<a href=\"http:\/\/www.sumpersky.denik.cz\/\">http:\/\/www.sumpersky.denik.cz\/<\/a><\/p>\n","protected":false},"excerpt":{"rendered":"<div class=\"mh-excerpt\"><p>Poslech zn\u00e1m\u00e9 hudby, vn\u00edm\u00e1n\u00ed v\u016fn\u00ed \u010di hlas\u016f, sledov\u00e1n\u00ed obl\u00edben\u00fdch po\u0159ad\u016f nebo fotografi\u00ed. I tyto \u010dinnosti mohou v p\u0159\u00edpad\u011b t\u011b\u017ece posti\u017een\u00fdch a nemocn\u00fdch lid\u00ed p\u0159in\u00e1\u0161et v\u00fdznamn\u00e9 <a class=\"mh-excerpt-more\" href=\"https:\/\/www.invarena.cz\/?p=28882\" title=\"Lidem s demenc\u00ed ukazuj\u00ed fotky. Pom\u00e1h\u00e1 jim to\">[&#8230;]<\/a><\/p>\n<\/div>","protected":false},"author":1,"featured_media":21447,"comment_status":"open","ping_status":"closed","sticky":false,"template":"","format":"standard","meta":{"footnotes":""},"categories":[9],"tags":[],"class_list":["post-28882","post","type-post","status-publish","format-standard","has-post-thumbnail","hentry","category-zpravy"],"_links":{"self":[{"href":"https:\/\/www.invarena.cz\/index.php?rest_route=\/wp\/v2\/posts\/28882","targetHints":{"allow":["GET"]}}],"collection":[{"href":"https:\/\/www.invarena.cz\/index.php?rest_route=\/wp\/v2\/posts"}],"about":[{"href":"https:\/\/www.invarena.cz\/index.php?rest_route=\/wp\/v2\/types\/post"}],"author":[{"embeddable":true,"href":"https:\/\/www.invarena.cz\/index.php?rest_route=\/wp\/v2\/users\/1"}],"replies":[{"embeddable":true,"href":"https:\/\/www.invarena.cz\/index.php?rest_route=%2Fwp%2Fv2%2Fcomments&post=28882"}],"version-history":[{"count":0,"href":"https:\/\/www.invarena.cz\/index.php?rest_route=\/wp\/v2\/posts\/28882\/revisions"}],"wp:featuredmedia":[{"embeddable":true,"href":"https:\/\/www.invarena.cz\/index.php?rest_route=\/wp\/v2\/media\/21447"}],"wp:attachment":[{"href":"https:\/\/www.invarena.cz\/index.php?rest_route=%2Fwp%2Fv2%2Fmedia&parent=28882"}],"wp:term":[{"taxonomy":"category","embeddable":true,"href":"https:\/\/www.invarena.cz\/index.php?rest_route=%2Fwp%2Fv2%2Fcategories&post=28882"},{"taxonomy":"post_tag","embeddable":true,"href":"https:\/\/www.invarena.cz\/index.php?rest_route=%2Fwp%2Fv2%2Ftags&post=28882"}],"curies":[{"name":"wp","href":"https:\/\/api.w.org\/{rel}","templated":true}]}}