{"id":28883,"date":"2017-08-09T17:09:59","date_gmt":"2017-08-09T15:09:59","guid":{"rendered":"http:\/\/www.invarena.cz\/?p=28883"},"modified":"2017-08-09T17:11:06","modified_gmt":"2017-08-09T15:11:06","slug":"sobotni-charitativni-akce-jiskra-pro-lukase-nejen-s-jarmilem-hamplem-ve-vratislavicich","status":"publish","type":"post","link":"https:\/\/www.invarena.cz\/?p=28883","title":{"rendered":"Sobotn\u00ed charitativn\u00ed akce Jiskra pro Luk\u00e1\u0161e nejen s Jarmilem Hamplem ve Vratislavic\u00edch"},"content":{"rendered":"<p><strong>Charitativn\u00ed akce Jiskra pro Luk\u00e1\u0161e l\u00e1k\u00e1 nejenom p\u0159\u00edznivce fotbalu, ale i fanou\u0161ky mnoha lok\u00e1ln\u00edch kapel. V sobotu 12. srpna se na h\u0159i\u0161ti za hasi\u010d\u00e1rnou ve Vratislavic\u00edch uskute\u010dn\u00ed exhibi\u010dn\u00ed fotbalov\u00fd z\u00e1pas Real Top Praha vs TJ Jiskra Vratislavice nad Nisou.<\/strong> <!--more--><\/p>\n<p>Liberec \u2013 C\u00edlem cel\u00e9 akce je vybrat a p\u0159edat co nejv\u00edce financ\u00ed m\u00edstn\u00edmu posti\u017een\u00e9mu chlapci Luk\u00e1\u0161kovi. Moder\u00e1torsk\u00e9ho \u017eezla se ujme vratislavick\u00fd rod\u00e1k Petr Jeni\u0161ta spole\u010dn\u011b s kovan\u00fdm libereck\u00fdm patriotem Ladislavem Hamplem.<\/p>\n<p>AKCI PODPO\u0158IL HEJTMAN<\/p>\n<p>Hudebn\u00edci, fotbalist\u00e9 a v\u0161ichni, kter\u00fdm nen\u00ed lhostejn\u00fd osud nemocn\u00e9ho Luk\u00e1\u0161e, spoj\u00ed svoje s\u00edly a z\u00e1rove\u0148 si u\u017eij\u00ed mnoho z\u00e1bavy. Exhibi\u010dn\u00ed z\u00e1pas zah\u00e1j\u00ed \u010destn\u00fdm v\u00fdkopem vratislavick\u00fd guvern\u00e9r Petr Jeni\u0161ta, ve spolupr\u00e1ci s hejtmanem Libereck\u00e9ho kraje Martinem P\u016ftou, kter\u00fd se nab\u00eddl celou akci nejenom osobn\u011b za\u0161t\u00edtit, ale i finan\u010dn\u011b podpo\u0159it.<\/p>\n<p>Lovci self\u00ed\u010dek a sb\u011bratel\u00e9 podpis\u016f by si rozhodn\u011b nem\u011bli nechat tento z\u00e1\u017eitek uj\u00edt, proto\u017ee t\u00fdm Real Top Praha je slo\u017een z mnoha \u010desk\u00fdch herc\u016f, fotbalist\u016f, sportovc\u016f a ostatn\u00edch zn\u00e1m\u00fdch osobnost\u00ed, jako jsou nap\u0159\u00edklad Leo\u0161 Noha, Jarom\u00edr Bos\u00e1k, Ladislav Hampl, Jakub \u0160tefek, Jan Rajnoch a mnoho dal\u0161\u00edch.<\/p>\n<p>Cel\u00fd den bude v are\u00e1lu akce prob\u00edhat ve\u0159ejn\u00e1 charitativn\u00ed sb\u00edrka na Luk\u00e1\u0161ka. &#8222;Jedn\u00e1 se o prvn\u00ed ro\u010dn\u00edk charitativn\u00edho projektu tohoto druhu. V\u011b\u0159\u00edme v hojnou \u00fa\u010dast a podporu n\u00e1v\u0161t\u011bvn\u00edk\u016f, a m\u00e1me ambice ud\u011blat z Jiskry do budoucna tradi\u010dn\u00ed akci,&#8220; dod\u00e1v\u00e1 z\u00e1stupce po\u0159adatele a kapit\u00e1n Jiskry Vratislavice Milan \u0160t\u011bp\u00e1nek.<\/p>\n<p>O LUK\u00c1\u0160OVI<\/p>\n<p>Luk\u00e1\u0161 Moln\u00e1r poch\u00e1z\u00ed z Vratislavic nad Nisou, bohu\u017eel m\u00e1 d\u011btskou mozkovou obrnu, ke kter\u00e9 se p\u0159idala i denn\u00ed epilepsie a porucha autistick\u00e9ho spektra. Mus\u00ed absolvovat r\u016fzn\u00e9 terapie, pot\u0159ebuje \u0159adu specil\u00e1n\u00edch pom\u016fcek. Na v\u0161echno mus\u00ed rodina sh\u00e1n\u011bt dary, tak\u0159ka nic nen\u00ed placeno zdravotn\u00ed poji\u0161\u0165ovnou.<\/p>\n<p>&#8222;Proto jsme se rozhodli Luk\u00e1\u0161kovi a jeho rodin\u011b pomoci alespo\u0148 takto, prost\u0159ednictv\u00edm charitativn\u00ed fotbalov\u00e9 akce, a podpo\u0159it tak jiskru v jeho du\u0161i s nad\u011bj\u00ed na lep\u0161\u00ed a komfortn\u011bj\u0161\u00ed \u017eivot,&#8220; \u0159\u00edk\u00e1 \u0160t\u011bp\u00e1nek.<\/p>\n<p>PROGRAM AKCE<\/p>\n<p>Program charitativn\u00ed exhibice bude bohat\u00fd. Na sv\u00e9 si p\u0159ijdou jak milovn\u00edci fotbalu, tak fanou\u0161kov\u00e9 kapel a je my\u0161leno i na p\u0159\u00edznivce dobr\u00e9ho j\u00eddla, pit\u00ed a d\u011btsk\u00e9 z\u00e1bavy. &#8222;Chceme cel\u00e9 akci dodat je\u0161t\u011b v\u011bt\u0161\u00ed lesk a presti\u017e, ne\u017e je p\u0159i z\u00e1pasech Realu b\u011b\u017en\u00e9. Mimo podpisovku, focen\u00ed s hr\u00e1\u010di a p\u0159ed\u00e1n\u00ed pen\u011bz Luk\u00e1\u0161kovi, bude cel\u00fd event obohacen o nadupan\u00fd doprovodn\u00fd program,&#8220; komentuje organiz\u00e1torka Daniela Sandleiterov\u00e1. Funkc\u00ed moder\u00e1tora se py\u0161n\u00ed vratislavick\u00fd rod\u00e1k a zn\u00e1m\u00fd \u010desk\u00fd herec Petr Jeni\u0161ta spole\u010dn\u011b s Ladislavem Hamplem.<\/p>\n<p>Na hudebn\u00edm line-upu najdete kapely a zp\u011bv\u00e1ky zvu\u010dn\u00fdch jmen, jako jsou libereck\u00e1 T\u011bla, Barrage, Tres Udos, Naty Bitkovsk\u00e1, Jakub D\u011bkan \u010di Petr L\u00fcftner.<\/p>\n<p>Zahraj\u00ed si i fotbalov\u00e9 p\u0159\u00edpravky Jiskry a Slovanu Liberec od 12 hodin.<\/p>\n<p>Doprovodn\u00fd program pro d\u011bti je zaji\u0161t\u011bn agenturou P. J. Art Promotion v\u010detn\u011b \u00fa\u010dasti m\u00edstn\u00edch hasi\u010d\u016f a mnoha dal\u0161\u00edch dobrovoln\u00edk\u016f. Nejmen\u0161\u00ed se mohou t\u011b\u0161it na elektrick\u00e9 \u010dty\u0159kolky, fotbalovou klec, sk\u00e1kac\u00ed hrady, mini sout\u011b\u017ee, prohl\u00eddku hasi\u010dsk\u00e9 techniky \u010di malov\u00e1n\u00ed na obli\u010dej. O polo\u010dase z\u00e1pasu d\u011bt\u00ed vystoup\u00ed ti nejlep\u0161\u00ed z Aerobic Clubu TJ Jiskra Vratislavice.<\/p>\n<p>Libereck\u00fd den\u00edk<br \/>\n<a href=\"http:\/\/www.liberecky.denik.cz\/\">http:\/\/www.liberecky.denik.cz\/<\/a><\/p>\n","protected":false},"excerpt":{"rendered":"<div class=\"mh-excerpt\"><p>Charitativn\u00ed akce Jiskra pro Luk\u00e1\u0161e l\u00e1k\u00e1 nejenom p\u0159\u00edznivce fotbalu, ale i fanou\u0161ky mnoha lok\u00e1ln\u00edch kapel. V sobotu 12. srpna se na h\u0159i\u0161ti za hasi\u010d\u00e1rnou ve <a class=\"mh-excerpt-more\" href=\"https:\/\/www.invarena.cz\/?p=28883\" title=\"Sobotn\u00ed charitativn\u00ed akce Jiskra pro Luk\u00e1\u0161e nejen s Jarmilem Hamplem ve Vratislavic\u00edch\">[&#8230;]<\/a><\/p>\n<\/div>","protected":false},"author":1,"featured_media":21907,"comment_status":"open","ping_status":"closed","sticky":false,"template":"","format":"standard","meta":{"footnotes":""},"categories":[9],"tags":[],"class_list":["post-28883","post","type-post","status-publish","format-standard","has-post-thumbnail","hentry","category-zpravy"],"_links":{"self":[{"href":"https:\/\/www.invarena.cz\/index.php?rest_route=\/wp\/v2\/posts\/28883","targetHints":{"allow":["GET"]}}],"collection":[{"href":"https:\/\/www.invarena.cz\/index.php?rest_route=\/wp\/v2\/posts"}],"about":[{"href":"https:\/\/www.invarena.cz\/index.php?rest_route=\/wp\/v2\/types\/post"}],"author":[{"embeddable":true,"href":"https:\/\/www.invarena.cz\/index.php?rest_route=\/wp\/v2\/users\/1"}],"replies":[{"embeddable":true,"href":"https:\/\/www.invarena.cz\/index.php?rest_route=%2Fwp%2Fv2%2Fcomments&post=28883"}],"version-history":[{"count":0,"href":"https:\/\/www.invarena.cz\/index.php?rest_route=\/wp\/v2\/posts\/28883\/revisions"}],"wp:featuredmedia":[{"embeddable":true,"href":"https:\/\/www.invarena.cz\/index.php?rest_route=\/wp\/v2\/media\/21907"}],"wp:attachment":[{"href":"https:\/\/www.invarena.cz\/index.php?rest_route=%2Fwp%2Fv2%2Fmedia&parent=28883"}],"wp:term":[{"taxonomy":"category","embeddable":true,"href":"https:\/\/www.invarena.cz\/index.php?rest_route=%2Fwp%2Fv2%2Fcategories&post=28883"},{"taxonomy":"post_tag","embeddable":true,"href":"https:\/\/www.invarena.cz\/index.php?rest_route=%2Fwp%2Fv2%2Ftags&post=28883"}],"curies":[{"name":"wp","href":"https:\/\/api.w.org\/{rel}","templated":true}]}}