{"id":28887,"date":"2017-08-09T17:20:26","date_gmt":"2017-08-09T15:20:26","guid":{"rendered":"http:\/\/www.invarena.cz\/?p=28887"},"modified":"2017-08-09T17:20:26","modified_gmt":"2017-08-09T15:20:26","slug":"cilem-je-priblizit-se-co-nejvice-domaci-peci","status":"publish","type":"post","link":"https:\/\/www.invarena.cz\/?p=28887","title":{"rendered":"C\u00edlem je p\u0159ibl\u00ed\u017eit se co nejv\u00edce dom\u00e1c\u00ed p\u00e9\u010di"},"content":{"rendered":"<p><strong>Nejmlad\u0161\u00edm odd\u011blen\u00edm je v \u010deskolipsk\u00e9 nemocnici Odd\u011blen\u00ed soci\u00e1ln\u00edch l\u016f\u017eek. Klient\u016fm slou\u017e\u00ed p\u0159ibli\u017en\u011b 1,5 roku. &#8222;Nab\u00edz\u00edme na\u0161im klient\u016fm nejen odbornou p\u00e9\u010di, ale tak\u00e9 lidsk\u00e9 pochopen\u00ed a rozpt\u00fdlen\u00ed v ka\u017edodenn\u00ed rutin\u011b,&#8220; \u0159\u00edk\u00e1 vrchn\u00ed setra tohoto odd\u011blen\u00ed Lenka Caklov\u00e1, kterou Den\u00edk vyzpov\u00eddal.<\/strong><!--more--><\/p>\n<p>\u010cesk\u00e1 L\u00edpa \u2013 V rozhovoru prozradila mimo jin\u00e9 to, pro koho jsou slu\u017eby ur\u010deny a jakou roli hraje v jej\u00ed pr\u00e1ci canisterapie.<\/p>\n<p>&#8211; Pro koho jsou soci\u00e1ln\u00ed slu\u017eby ur\u010deny?<\/p>\n<p>Odd\u011blen\u00ed soci\u00e1ln\u00edch l\u016f\u017eek je ur\u010deno zejm\u00e9na pro osoby, kter\u00e9 v d\u016fsledku sv\u00e9ho zdravotn\u00edho stavu vy\u017eaduj\u00ed pravidelnou pomoc jin\u00e9 osoby, ne v\u0161ak p\u00e9\u010di v l\u016f\u017ekov\u00e9m zdravotnick\u00e9m za\u0159\u00edzen\u00ed. D\u00e1le jsou na\u0161e slu\u017eby ur\u010deny pro ty, jejich\u017e v\u011bk, sn\u00ed\u017een\u00e1 sob\u011bsta\u010dnost a zdravotn\u00ed stav jim neumo\u017e\u0148uje v\u00e9st samostatn\u00fd a bezpe\u010dn\u00fd \u017eivot.<\/p>\n<p>&#8211; Pro kolik klient\u016f poskytuje odd\u011blen\u00ed slu\u017eby?<\/p>\n<p>Na tomto odd\u011blen\u00ed se star\u00e1me celkem o 18 lid\u00ed, senior\u016f. Kapacitu m\u00e1me od otev\u0159en\u00ed odd\u011blen\u00ed prakticky napln\u011bnou na 100 procent.<\/p>\n<p>&#8211; Co v\u0161e sv\u00fdm klient\u016fm nab\u00edz\u00edte?<\/p>\n<p>Ta \u0161k\u00e1la je opravdu \u0161irok\u00e1. Nab\u00edz\u00edme pomoc p\u0159i osobn\u00ed hygien\u011b, podporu a pomoc p\u0159i zvl\u00e1dnut\u00ed v\u0161edn\u00edch \u00fakon\u016f o vlastn\u00ed osobu, pe\u010dujeme o jejich zdravotn\u00ed stav, poskytujeme celodenn\u00ed ubytov\u00e1n\u00ed, stravov\u00e1n\u00ed, zprost\u0159edkov\u00e1v\u00e1me kontakt s jejich bl\u00edzk\u00fdmi a samoz\u0159ejm\u011b nab\u00edz\u00edme r\u016fzn\u00e9 terapie a aktiviza\u010dn\u00ed \u010dinnosti.<\/p>\n<p>&#8211; M\u016f\u017eete n\u00e1m n\u011bkter\u00e9 popsat?<\/p>\n<p>V tomto v\u011bku je samoz\u0159ejm\u011b nezbytn\u00e1 rehabilitace, d\u00e1le ergoterapie, tr\u00e9ning pam\u011bti, nab\u00edz\u00edme tak\u00e9 muzikoterapii, v\u00fdchovn\u00e9, vzd\u011bl\u00e1vac\u00ed a aktiviza\u010dn\u00ed \u010dinnosti, \u0159adu spole\u010densko-kulturn\u00edch akc\u00ed v r\u00e1mci projektu &#8222;D\u011bti senior\u016fm, senio\u0159i d\u011btem&#8220; nebo spole\u010dn\u00e1 posezen\u00ed s ostatn\u00edmi klienty.<\/p>\n<p>&#8211; V posledn\u00ed dob\u011b se hodn\u011b mluv\u00ed tak\u00e9 o canisterapii, co tato terapie obn\u00e1\u0161\u00ed a jak \u010dasto u v\u00e1s prob\u00edh\u00e1?<\/p>\n<p>Podstatou canisterapie je zaji\u0161t\u011bn\u00ed l\u00e9\u010debn\u00e9ho kontaktu, kter\u00fd je navazov\u00e1n mezi psem a \u010dlov\u011bkem. Pes je toti\u017e i jen svou pouhou p\u0159\u00edtomnost\u00ed schopen u \u010dlov\u011bka navodit dobrou n\u00e1ladu. Pes m\u00e1 nav\u00edc v pr\u016fm\u011bru a\u017e o 2 % vy\u0161\u0161\u00ed t\u011blesnou teplotu ne\u017e \u010dlov\u011bk a tato skute\u010dnost v\u00fdznamn\u011b pom\u00e1h\u00e1 u klient\u016f p\u0159i c\u00edlen\u00e9m polohov\u00e1n\u00ed, kdy doch\u00e1z\u00ed k proh\u0159\u00e1t\u00ed posti\u017een\u00fdch \u010d\u00e1st\u00ed t\u011bla a u klient\u016f m\u016f\u017ee n\u00e1sledn\u011b doj\u00edt ke zlep\u0161en\u00ed pohyblivosti. Prob\u00edh\u00e1 pak u n\u00e1s v\u017edy dvakr\u00e1t do m\u011bs\u00edce.<\/p>\n<p>&#8211; Co vy osobn\u011b vn\u00edm\u00e1te jako hlavn\u00ed c\u00edl va\u0161\u00ed pr\u00e1ce na tomto odd\u011blen\u00ed?<\/p>\n<p>Posl\u00e1n\u00edm cel\u00e9ho na\u0161eho t\u00fdmu je poskytovat na\u0161im klient\u016fm takov\u00e9 slu\u017eby, abychom co nejv\u00edce p\u0159ibl\u00ed\u017eili dom\u00e1c\u00ed p\u00e9\u010di.<\/p>\n<p>Libereck\u00fd den\u00edk<br \/>\n<a href=\"http:\/\/www.liberecky.denik.cz\/\">http:\/\/www.liberecky.denik.cz\/<\/a><\/p>\n","protected":false},"excerpt":{"rendered":"<div class=\"mh-excerpt\"><p>Nejmlad\u0161\u00edm odd\u011blen\u00edm je v \u010deskolipsk\u00e9 nemocnici Odd\u011blen\u00ed soci\u00e1ln\u00edch l\u016f\u017eek. Klient\u016fm slou\u017e\u00ed p\u0159ibli\u017en\u011b 1,5 roku. &#8222;Nab\u00edz\u00edme na\u0161im klient\u016fm nejen odbornou p\u00e9\u010di, ale tak\u00e9 lidsk\u00e9 pochopen\u00ed a <a class=\"mh-excerpt-more\" href=\"https:\/\/www.invarena.cz\/?p=28887\" title=\"C\u00edlem je p\u0159ibl\u00ed\u017eit se co nejv\u00edce dom\u00e1c\u00ed p\u00e9\u010di\">[&#8230;]<\/a><\/p>\n<\/div>","protected":false},"author":1,"featured_media":25585,"comment_status":"open","ping_status":"closed","sticky":false,"template":"","format":"standard","meta":{"footnotes":""},"categories":[9],"tags":[],"class_list":["post-28887","post","type-post","status-publish","format-standard","has-post-thumbnail","hentry","category-zpravy"],"_links":{"self":[{"href":"https:\/\/www.invarena.cz\/index.php?rest_route=\/wp\/v2\/posts\/28887","targetHints":{"allow":["GET"]}}],"collection":[{"href":"https:\/\/www.invarena.cz\/index.php?rest_route=\/wp\/v2\/posts"}],"about":[{"href":"https:\/\/www.invarena.cz\/index.php?rest_route=\/wp\/v2\/types\/post"}],"author":[{"embeddable":true,"href":"https:\/\/www.invarena.cz\/index.php?rest_route=\/wp\/v2\/users\/1"}],"replies":[{"embeddable":true,"href":"https:\/\/www.invarena.cz\/index.php?rest_route=%2Fwp%2Fv2%2Fcomments&post=28887"}],"version-history":[{"count":0,"href":"https:\/\/www.invarena.cz\/index.php?rest_route=\/wp\/v2\/posts\/28887\/revisions"}],"wp:featuredmedia":[{"embeddable":true,"href":"https:\/\/www.invarena.cz\/index.php?rest_route=\/wp\/v2\/media\/25585"}],"wp:attachment":[{"href":"https:\/\/www.invarena.cz\/index.php?rest_route=%2Fwp%2Fv2%2Fmedia&parent=28887"}],"wp:term":[{"taxonomy":"category","embeddable":true,"href":"https:\/\/www.invarena.cz\/index.php?rest_route=%2Fwp%2Fv2%2Fcategories&post=28887"},{"taxonomy":"post_tag","embeddable":true,"href":"https:\/\/www.invarena.cz\/index.php?rest_route=%2Fwp%2Fv2%2Ftags&post=28887"}],"curies":[{"name":"wp","href":"https:\/\/api.w.org\/{rel}","templated":true}]}}