{"id":28898,"date":"2017-08-10T15:55:11","date_gmt":"2017-08-10T13:55:11","guid":{"rendered":"http:\/\/www.invarena.cz\/?p=28898"},"modified":"2017-08-10T15:55:11","modified_gmt":"2017-08-10T13:55:11","slug":"pri-orientacnim-behu-ochrnul-po-38-letech-v-nem-ziskal-medaili","status":"publish","type":"post","link":"https:\/\/www.invarena.cz\/?p=28898","title":{"rendered":"P\u0159i orienta\u010dn\u00edm b\u011bhu ochrnul. Po 38 letech v n\u011bm z\u00edskal medaili"},"content":{"rendered":"<p><strong>Kdy\u017e je\u0161t\u011b sk\u00e1kal a b\u011bhal na ly\u017e\u00edch, m\u011bl se z\u00e1vodem v orienta\u010dn\u00edm b\u011bhu prachmizernou zku\u0161enost. Po p\u00e1du ochrnul. Te\u010f, po letech, z\u00edskal ve stejn\u00e9 discipl\u00edn\u011b Miroslav \u0160pidlen na mistrovstv\u00ed sv\u011bta st\u0159\u00edbrnou medaili. \u010cervencov\u00fd z\u00e1vod na \u0161ampion\u00e1tu v Litv\u011b ale neb\u011b\u017eel, n\u00fdbr\u017e odjel na voz\u00ed\u010dku.<\/strong><!--more--><\/p>\n<p>Cel\u00fd \u010dl\u00e1nek <a href=\"http:\/\/liberec.idnes.cz\/vozickar-z-tanvaldu-miroslav-spidlen-ziskal-paralympijskou-medaili-1iu-\/liberec-zpravy.aspx?c=A170809_155901_liberec-zpravy_tm\">ZDE<\/a><\/p>\n","protected":false},"excerpt":{"rendered":"<div class=\"mh-excerpt\"><p>Kdy\u017e je\u0161t\u011b sk\u00e1kal a b\u011bhal na ly\u017e\u00edch, m\u011bl se z\u00e1vodem v orienta\u010dn\u00edm b\u011bhu prachmizernou zku\u0161enost. Po p\u00e1du ochrnul. Te\u010f, po letech, z\u00edskal ve stejn\u00e9 discipl\u00edn\u011b <a class=\"mh-excerpt-more\" href=\"https:\/\/www.invarena.cz\/?p=28898\" title=\"P\u0159i orienta\u010dn\u00edm b\u011bhu ochrnul. Po 38 letech v n\u011bm z\u00edskal medaili\">[&#8230;]<\/a><\/p>\n<\/div>","protected":false},"author":1,"featured_media":0,"comment_status":"open","ping_status":"closed","sticky":false,"template":"","format":"standard","meta":{"footnotes":""},"categories":[9],"tags":[],"class_list":["post-28898","post","type-post","status-publish","format-standard","hentry","category-zpravy"],"_links":{"self":[{"href":"https:\/\/www.invarena.cz\/index.php?rest_route=\/wp\/v2\/posts\/28898","targetHints":{"allow":["GET"]}}],"collection":[{"href":"https:\/\/www.invarena.cz\/index.php?rest_route=\/wp\/v2\/posts"}],"about":[{"href":"https:\/\/www.invarena.cz\/index.php?rest_route=\/wp\/v2\/types\/post"}],"author":[{"embeddable":true,"href":"https:\/\/www.invarena.cz\/index.php?rest_route=\/wp\/v2\/users\/1"}],"replies":[{"embeddable":true,"href":"https:\/\/www.invarena.cz\/index.php?rest_route=%2Fwp%2Fv2%2Fcomments&post=28898"}],"version-history":[{"count":0,"href":"https:\/\/www.invarena.cz\/index.php?rest_route=\/wp\/v2\/posts\/28898\/revisions"}],"wp:attachment":[{"href":"https:\/\/www.invarena.cz\/index.php?rest_route=%2Fwp%2Fv2%2Fmedia&parent=28898"}],"wp:term":[{"taxonomy":"category","embeddable":true,"href":"https:\/\/www.invarena.cz\/index.php?rest_route=%2Fwp%2Fv2%2Fcategories&post=28898"},{"taxonomy":"post_tag","embeddable":true,"href":"https:\/\/www.invarena.cz\/index.php?rest_route=%2Fwp%2Fv2%2Ftags&post=28898"}],"curies":[{"name":"wp","href":"https:\/\/api.w.org\/{rel}","templated":true}]}}