{"id":28899,"date":"2017-08-10T16:02:19","date_gmt":"2017-08-10T14:02:19","guid":{"rendered":"http:\/\/www.invarena.cz\/?p=28899"},"modified":"2017-08-10T16:02:19","modified_gmt":"2017-08-10T14:02:19","slug":"vozickarka-nasla-v-malovani-terapii-i-zalibu","status":"publish","type":"post","link":"https:\/\/www.invarena.cz\/?p=28899","title":{"rendered":"Voz\u00ed\u010dk\u00e1\u0159ka na\u0161la v malov\u00e1n\u00ed terapii i z\u00e1libu"},"content":{"rendered":"<p><strong>Autorkou vesel\u00fdch a hrav\u00fdch obraz\u016f, kter\u00e9 p\u0159edstavuje v\u00fdstava nazvan\u00e1 Terapie malbou v nymbursk\u00e9 kapli sv. Jana Nepomuck\u00e9ho, je voz\u00ed\u010dk\u00e1\u0159ka Petra Vesel\u00e1. Malov\u00e1n\u00ed se za\u010dala v\u011bnovat po v\u00e1\u017en\u00e9m \u00farazu p\u0159ed dev\u00edti lety, kdy ze dne na den p\u0159i\u0161la o v\u0161echny sv\u00e9 z\u00e1liby. Olejomalba pro ni byla nejen skv\u011blou terapi\u00ed, ale uk\u00e1zala j\u00ed, jak d\u00e1l. Jen\u017ee to nebylo hned. Cesta od prvn\u00edch tah\u016f speci\u00e1ln\u011b upraven\u00fdm \u0161t\u011btcem k v\u00fdstav\u011b trvala sedm let.<\/strong><!--more--><\/p>\n<p>&#8211; Malovala jste u\u017e v d\u011btstv\u00ed?<\/p>\n<p>Chodila jsem do z\u00e1kladn\u00ed um\u011bleck\u00e9 \u0161koly, ale moc jsem se malov\u00e1n\u00ed nev\u011bnovala. M\u011bla jsem spoustu jin\u00fdch kon\u00ed\u010dk\u016f.<\/p>\n<p>&#8211; Jak p\u0159i\u0161el n\u00e1pad za\u010d\u00edt malovat ve va\u0161\u00ed druh\u00e9 \u017eivotn\u00ed etap\u011b po \u00farazu?<\/p>\n<p>Hledala jsem, \u010d\u00edm nahradit z\u00e1liby, kter\u00fdm jsem se po \u00farazu p\u00e1te\u0159e u\u017e nemohla v\u011bnovat. A\u017e mamka \u0159ekla: Tak zkus malovat. Museli jsme vymyslet, jak budu dr\u017eet \u0161t\u011btec, proto\u017ee mi nefunguje \u00fachop ruky. \u0158e\u0161en\u00ed se na\u0161lo, m\u00e1m speci\u00e1ln\u00ed \u0161t\u011btec zasazen\u00fd do molitanu. Nebylo to snadn\u00e9, ze za\u010d\u00e1tku jsem vydr\u017eela malovat jen p\u00e1r minut&#8230;<\/p>\n<p>&#8211; Jakou techniku pou\u017e\u00edv\u00e1te?<\/p>\n<p>Maluju olejov\u00fdmi barvami. Vyhovuj\u00ed mi, proto\u017ee dlouho schnou. D\u011bl\u00e1m ka\u017ed\u00fd obr\u00e1zek na etapy a takhle se k n\u011bmu m\u016f\u017eu vracet.<\/p>\n<p>&#8211; A kde berete n\u00e1m\u011bty?<\/p>\n<p>Co m\u011b zrovna zaujme. Zv\u00ed\u0159ata, lidsk\u00e9 tv\u00e1\u0159e, barevnost&#8230; Najdu si dva t\u0159i obr\u00e1zky, t\u0159eba lva, a podle nich si pak vytvo\u0159\u00edm sv\u00e9ho lva.<\/p>\n<p>&#8211; Absolvovala jste n\u011bjak\u00fd v\u00fdtvarn\u00fd kurz?<\/p>\n<p>Kdepak! J\u00e1 si maluju \u010dist\u011b po sv\u00e9m.<\/p>\n<p>&#8211; Kdy m\u00e1te p\u0159i malov\u00e1n\u00ed nejv\u011bt\u0161\u00ed radost?<\/p>\n<p>B\u011bhem tvorby jsem v\u011bt\u0161inou na nervy, \u017ee obr\u00e1zek vypad\u00e1 \u00fapln\u011b jinak, ne\u017e chci. Radost p\u0159ich\u00e1z\u00ed, a\u017e kdy\u017e ho domaluju, \u017ee se mi to povedlo.<\/p>\n<p>&#8212;&#8211;<\/p>\n<p>Vizitka<\/p>\n<p>Osmadvacetilet\u00e1 Petra Vesel\u00e1 vystudovala nymbursk\u00e9 gymn\u00e1zium a po v\u00e1\u017en\u00e9m poran\u011bn\u00ed p\u00e1te\u0159e i mezin\u00e1rodn\u00ed vztahy na Metropolitn\u00ed univerzit\u011b. R\u00e1da maluje, \u010dte, cestuje a jezd\u00ed na handbiku, speci\u00e1ln\u011b upraven\u00e9m kole pro voz\u00ed\u010dk\u00e1\u0159e, kde se \u0161lape rukama.<\/p>\n<p>IVANA \u0160MEJDOV\u00c1<br \/>\nBoleslavsk\u00fd den\u00edk<br \/>\n<a href=\"http:\/\/www.boleslavsky.denik.cz\">http:\/\/www.boleslavsky.denik.cz<\/a><\/p>\n","protected":false},"excerpt":{"rendered":"<div class=\"mh-excerpt\"><p>Autorkou vesel\u00fdch a hrav\u00fdch obraz\u016f, kter\u00e9 p\u0159edstavuje v\u00fdstava nazvan\u00e1 Terapie malbou v nymbursk\u00e9 kapli sv. Jana Nepomuck\u00e9ho, je voz\u00ed\u010dk\u00e1\u0159ka Petra Vesel\u00e1. Malov\u00e1n\u00ed se za\u010dala v\u011bnovat <a class=\"mh-excerpt-more\" href=\"https:\/\/www.invarena.cz\/?p=28899\" title=\"Voz\u00ed\u010dk\u00e1\u0159ka na\u0161la v malov\u00e1n\u00ed terapii i z\u00e1libu\">[&#8230;]<\/a><\/p>\n<\/div>","protected":false},"author":1,"featured_media":0,"comment_status":"open","ping_status":"closed","sticky":false,"template":"","format":"standard","meta":{"footnotes":""},"categories":[9],"tags":[],"class_list":["post-28899","post","type-post","status-publish","format-standard","hentry","category-zpravy"],"_links":{"self":[{"href":"https:\/\/www.invarena.cz\/index.php?rest_route=\/wp\/v2\/posts\/28899","targetHints":{"allow":["GET"]}}],"collection":[{"href":"https:\/\/www.invarena.cz\/index.php?rest_route=\/wp\/v2\/posts"}],"about":[{"href":"https:\/\/www.invarena.cz\/index.php?rest_route=\/wp\/v2\/types\/post"}],"author":[{"embeddable":true,"href":"https:\/\/www.invarena.cz\/index.php?rest_route=\/wp\/v2\/users\/1"}],"replies":[{"embeddable":true,"href":"https:\/\/www.invarena.cz\/index.php?rest_route=%2Fwp%2Fv2%2Fcomments&post=28899"}],"version-history":[{"count":0,"href":"https:\/\/www.invarena.cz\/index.php?rest_route=\/wp\/v2\/posts\/28899\/revisions"}],"wp:attachment":[{"href":"https:\/\/www.invarena.cz\/index.php?rest_route=%2Fwp%2Fv2%2Fmedia&parent=28899"}],"wp:term":[{"taxonomy":"category","embeddable":true,"href":"https:\/\/www.invarena.cz\/index.php?rest_route=%2Fwp%2Fv2%2Fcategories&post=28899"},{"taxonomy":"post_tag","embeddable":true,"href":"https:\/\/www.invarena.cz\/index.php?rest_route=%2Fwp%2Fv2%2Ftags&post=28899"}],"curies":[{"name":"wp","href":"https:\/\/api.w.org\/{rel}","templated":true}]}}