{"id":28903,"date":"2017-08-11T17:28:08","date_gmt":"2017-08-11T15:28:08","guid":{"rendered":"http:\/\/www.invarena.cz\/?p=28903"},"modified":"2017-08-11T17:28:08","modified_gmt":"2017-08-11T15:28:08","slug":"v-kromerizi-vznikne-terapeuticka-dilna-hanacek-pomuze-lidem-s-postizenim","status":"publish","type":"post","link":"https:\/\/www.invarena.cz\/?p=28903","title":{"rendered":"V Krom\u011b\u0159\u00ed\u017ei vznikne terapeutick\u00e1 d\u00edlna Han\u00e1\u010dek, pom\u016f\u017ee lidem s posti\u017een\u00edm"},"content":{"rendered":"<p><strong>Soci\u00e1ln\u00ed slu\u017eby m\u011bsta Krom\u011b\u0159\u00ed\u017ee od 1. ledna p\u0159\u00ed\u0161t\u00edho roku z\u0159\u00edd\u00ed soci\u00e1ln\u011b terapeutickou d\u00edlnu Han\u00e1\u010dek. Bude ur\u010dena pro klienty s lehk\u00fdm a\u017e st\u0159edn\u011b t\u011b\u017ek\u00fdm ment\u00e1ln\u00edm posti\u017een\u00edm ve v\u011bku od 18 do 64 let.<\/strong> <!--more--><\/p>\n<p>&#8222;D\u00edky d\u00edln\u011b se nau\u010d\u00ed pracovn\u00edmu re\u017eimu, aby se mohli uplatnit na trhu pr\u00e1ce,&#8220; \u0159ekla \u0159editelka Soci\u00e1ln\u00edch slu\u017eeb m\u011bsta Krom\u011b\u0159\u00ed\u017ee Dagmar Klu\u010dkov\u00e1.<\/p>\n<p>D\u00edlna bude fungovat v jednom z objekt\u016f domova pro osoby se zdravotn\u00edm posti\u017een\u00edm Barborka. Klient\u016fm bude poskytov\u00e1na zdarma, a to v\u017edy od pond\u011blka do p\u00e1tku od 8 do 15 hodin. Kapacita d\u00edlny bude 22 klient\u016f. D\u00edky n\u00ed si ment\u00e1ln\u011b posti\u017een\u00ed lid\u00e9 osvoj\u00ed r\u016fzn\u00e9 rukod\u011bln\u00e9 dovednosti. V\u00fdrobky z terapeutick\u00e9 d\u00edlny bude pak nab\u00edzet obch\u016fdek na Riegrov\u011b n\u00e1m\u011bst\u00ed, kter\u00fd bude rovn\u011b\u017e sou\u010d\u00e1st\u00ed projektu soci\u00e1ln\u011b terapeutick\u00fdch d\u00edlen.<\/p>\n<p>Slu\u017eba by m\u011bla b\u00fdt financov\u00e1na ze st\u00e1tn\u00edho rozpo\u010dtu a vlastn\u00edch zdroj\u016f Soci\u00e1ln\u00edch slu\u017eeb m\u011bsta Krom\u011b\u0159\u00ed\u017ee. &#8222;Tento druh soci\u00e1ln\u00ed slu\u017eby tu zcela chyb\u00ed a vzhledem k prob\u00edhaj\u00edc\u00edm transformac\u00edm slu\u017eeb domov\u016f pro osoby se zdravotn\u00edm posti\u017een\u00edm v r\u00e1mci Zl\u00ednsk\u00e9ho kraje je v\u00edce ne\u017e pot\u0159ebn\u00fd,&#8220; uvedl m\u00edstostarosta Pavel Moty\u010dka.<\/p>\n<p>Moment\u00e1ln\u011b maj\u00ed Soci\u00e1ln\u00ed slu\u017eby m\u011bsta Krom\u011b\u0159\u00ed\u017ee na zaji\u0161t\u011bn\u00ed slu\u017eby vy\u010dlen\u011bno 4,5 pracovn\u00edho \u00favazku. V budoucnu by tento po\u010det cht\u011bly nav\u00fd\u0161it. &#8222;R\u00e1di bychom z\u0159\u00eddili kav\u00e1rnu Han\u00e1\u010dek, kter\u00e1 by m\u011bla b\u00fdt um\u00edst\u011bna po oprav\u011b prostor v p\u0159\u00edzem\u00ed m\u011bstsk\u00e9ho domu na Han\u00e1ck\u00e9m n\u00e1m\u011bst\u00ed a ve kter\u00e9 by m\u011bli pracovat i lid\u00e9 s lehk\u00fdm ment\u00e1ln\u00edm posti\u017een\u00edm,&#8220; uzav\u0159el Moty\u010dka.<\/p>\n<p>Krom\u011b\u0159\u00ed\u017esk\u00fd den\u00edk<br \/>\n<a href=\"http:\/\/kromerizsky.denik.cz\/\">http:\/\/kromerizsky.denik.cz\/<\/a><\/p>\n","protected":false},"excerpt":{"rendered":"<div class=\"mh-excerpt\"><p>Soci\u00e1ln\u00ed slu\u017eby m\u011bsta Krom\u011b\u0159\u00ed\u017ee od 1. ledna p\u0159\u00ed\u0161t\u00edho roku z\u0159\u00edd\u00ed soci\u00e1ln\u011b terapeutickou d\u00edlnu Han\u00e1\u010dek. Bude ur\u010dena pro klienty s lehk\u00fdm a\u017e st\u0159edn\u011b t\u011b\u017ek\u00fdm ment\u00e1ln\u00edm posti\u017een\u00edm <a class=\"mh-excerpt-more\" href=\"https:\/\/www.invarena.cz\/?p=28903\" title=\"V Krom\u011b\u0159\u00ed\u017ei vznikne terapeutick\u00e1 d\u00edlna Han\u00e1\u010dek, pom\u016f\u017ee lidem s posti\u017een\u00edm\">[&#8230;]<\/a><\/p>\n<\/div>","protected":false},"author":1,"featured_media":2927,"comment_status":"open","ping_status":"closed","sticky":false,"template":"","format":"standard","meta":{"footnotes":""},"categories":[9],"tags":[],"class_list":["post-28903","post","type-post","status-publish","format-standard","has-post-thumbnail","hentry","category-zpravy"],"_links":{"self":[{"href":"https:\/\/www.invarena.cz\/index.php?rest_route=\/wp\/v2\/posts\/28903","targetHints":{"allow":["GET"]}}],"collection":[{"href":"https:\/\/www.invarena.cz\/index.php?rest_route=\/wp\/v2\/posts"}],"about":[{"href":"https:\/\/www.invarena.cz\/index.php?rest_route=\/wp\/v2\/types\/post"}],"author":[{"embeddable":true,"href":"https:\/\/www.invarena.cz\/index.php?rest_route=\/wp\/v2\/users\/1"}],"replies":[{"embeddable":true,"href":"https:\/\/www.invarena.cz\/index.php?rest_route=%2Fwp%2Fv2%2Fcomments&post=28903"}],"version-history":[{"count":0,"href":"https:\/\/www.invarena.cz\/index.php?rest_route=\/wp\/v2\/posts\/28903\/revisions"}],"wp:featuredmedia":[{"embeddable":true,"href":"https:\/\/www.invarena.cz\/index.php?rest_route=\/wp\/v2\/media\/2927"}],"wp:attachment":[{"href":"https:\/\/www.invarena.cz\/index.php?rest_route=%2Fwp%2Fv2%2Fmedia&parent=28903"}],"wp:term":[{"taxonomy":"category","embeddable":true,"href":"https:\/\/www.invarena.cz\/index.php?rest_route=%2Fwp%2Fv2%2Fcategories&post=28903"},{"taxonomy":"post_tag","embeddable":true,"href":"https:\/\/www.invarena.cz\/index.php?rest_route=%2Fwp%2Fv2%2Ftags&post=28903"}],"curies":[{"name":"wp","href":"https:\/\/api.w.org\/{rel}","templated":true}]}}