{"id":28910,"date":"2017-08-14T14:55:24","date_gmt":"2017-08-14T12:55:24","guid":{"rendered":"http:\/\/www.invarena.cz\/?p=28910"},"modified":"2017-08-14T14:55:24","modified_gmt":"2017-08-14T12:55:24","slug":"inkluze-po-roce-mene-administrativy-vice-penez","status":"publish","type":"post","link":"https:\/\/www.invarena.cz\/?p=28910","title":{"rendered":"Inkluze po roce: M\u00e9n\u011b administrativy, v\u00edce pen\u011bz"},"content":{"rendered":"<p><strong>Legislativn\u00ed rada vl\u00e1dy dnes rozhodne o vyhl\u00e1\u0161ce, kter\u00e1 v n\u011bkter\u00fdch bodech upravuje spole\u010dn\u00e9 vzd\u011bl\u00e1v\u00e1n\u00ed d\u011bt\u00ed. <\/strong><strong>Praxe d\u00e1v\u00e1 nejlep\u0161\u00ed odpov\u011bdi na to, zda se z\u00e1konod\u00e1rci strefili do \u010dern\u00e9ho. Podp\u016frn\u00e1 opat\u0159en\u00ed pro inkluzivn\u00ed vzd\u011bl\u00e1v\u00e1n\u00ed ve\u0161la v \u00fa\u010dinnost loni v z\u00e1\u0159\u00ed. Z\u00e1kon byl ov\u0161em p\u0159ijat u\u017e na ja\u0159e 2015 za ministra Marcela Chl\u00e1dka. Podpo\u0159ily ho v\u0161echny t\u0159i koali\u010dn\u00ed strany.<\/strong> <!--more--><\/p>\n<p>I kdy\u017e u\u017e od roku 2004 plat\u00ed, \u017ee d\u011bti se zdravotn\u00edm handicapem maj\u00ed pr\u00e1vo na vzd\u011bl\u00e1n\u00ed v hlavn\u00edm proudu, teprve p\u0159ed dv\u011bma lety jim novela zaru\u010dila v\u0161estrannou podporu. Do jej\u00edho p\u0159ijet\u00ed toti\u017e z\u00e1le\u017eelo hlavn\u011b na v\u016fli a \u0161ikovnosti \u0159editel\u016f, zda handicapovan\u00e9 \u017e\u00e1ky p\u0159ijali a um\u011bli jim zajistit nap\u0159\u00edklad asistenty nebo pot\u0159ebn\u00e9 pom\u016fcky. Te\u010f na n\u011b maj\u00ed n\u00e1rok v\u0161echny d\u011bti, kter\u00e9 dostanou doporu\u010den\u00ed odborn\u00e9ho za\u0159\u00edzen\u00ed. A\u010dkoli z\u00e1kon prodlou\u017eil lh\u016ftu na rediagnostiku d\u011bt\u00ed s handicapem na dva roky (pat\u0159\u00ed sem i poruchy u\u010den\u00ed a chov\u00e1n\u00ed \u010di lehk\u00e1 ment\u00e1ln\u00ed retardace), rodi\u010de vzali \u0161kolsk\u00e1 poradensk\u00e1 za\u0159\u00edzen\u00ed \u00fatokem, proto\u017ee garantovanou podporu pro sv\u00e9 ratolesti cht\u011bli co nejd\u0159\u00edve.<\/p>\n<p>V\u00cdCE ODBORN\u00c9 PODPORY<\/p>\n<p>&#8222;Nem\u016f\u017eeme srovn\u00e1vat s minulost\u00ed, proto\u017ee Eli\u0161ka \u0161la loni do prvn\u00ed t\u0159\u00eddy. Nic bych ale nem\u011bnila, m\u00e1me dojem, \u017ee podpora ze strany \u0161koly je stoprocentn\u00ed,&#8220; chv\u00e1l\u00ed inkluzi Kate\u0159ina Faltov\u00e1, jej\u00ed\u017e dcera Eli\u0161ka nav\u0161t\u011bvuje Z\u0160 Dukelsk\u00e1 v \u010cesk\u00fdch Bud\u011bjovic\u00edch.<\/p>\n<p>P\u0159\u00edstup st\u00e1tu si pochvaluje i Vendula Ja\u0161kov\u00e1, kter\u00e1 m\u00e1 ve t\u0159\u00edd\u011b Z\u0160 Kojetice 16 d\u011bt\u00ed.<\/p>\n<p>&#8222;Ke v\u0161em p\u0159istupuji individu\u00e1ln\u011b, pokud se objev\u00ed n\u00e1znak pot\u00ed\u017e\u00ed, sna\u017e\u00edm se jim p\u0159edch\u00e1zet a preventivn\u011b vol\u00edm p\u0159\u00edslu\u0161n\u00e9 metody v\u00fduky,&#8220; \u0159ekla Den\u00edku zku\u0161en\u00e1 u\u010ditelka a lektorka.<\/p>\n<p>P\u0159i p\u0159ed\u00e1v\u00e1n\u00ed zku\u0161enost\u00ed se setk\u00e1v\u00e1 hlavn\u011b s t\u00edm, \u017ee pedagogov\u00e9 \u010dastokr\u00e1t nev\u011bd\u00ed, zda k d\u011btem s handicapem p\u0159istupuj\u00ed spr\u00e1vn\u011b. &#8222;Rozhodn\u011b by to cht\u011blo v\u00edc metodick\u00e9 pomoci a p\u0159\u00edtomnosti \u0161koln\u00edch psycholog\u016f \u010di speci\u00e1ln\u00edch pedagog\u016f,&#8220; dod\u00e1v\u00e1 Ja\u0161kov\u00e1.<\/p>\n<p>ASISTENT\u016e P\u0158IBUDE<\/p>\n<p>O vylep\u0161en\u00ed sou\u010dasn\u00e9ho stavu se sna\u017e\u00ed i vyhl\u00e1\u0161ka, kterou legislativn\u00ed rad\u011b vl\u00e1dy p\u0159edkl\u00e1d\u00e1 ministr \u0161kolstv\u00ed Stanislav \u0160tech (za \u010cSSD). Platit m\u00e1 od 1. z\u00e1\u0159\u00ed. &#8222;Vych\u00e1z\u00ed nap\u0159\u00edklad vst\u0159\u00edc zam\u011bstnanc\u016fm poradensk\u00fdch za\u0159\u00edzen\u00ed, kte\u0159\u00ed budou m\u00edt o m\u011bs\u00edc v\u00edc \u010dasu na vypracov\u00e1n\u00ed zpr\u00e1vy a doporu\u010den\u00ed pro rodi\u010de a \u0161kolu,&#8220; sd\u011blila Den\u00edku n\u00e1m\u011bstkyn\u011b N\u00e1rodn\u00edho \u00fastavu pro vzd\u011bl\u00e1v\u00e1n\u00ed Jana Zapletalov\u00e1, kter\u00e1 se jako odbornice pod\u00edlela na ro\u010dn\u00edm vyhodnocen\u00ed inkluze.<\/p>\n<p>Toto opat\u0159en\u00ed bude platit jeden rok, aby se ulevilo zahlcen\u00fdm poradn\u00e1m, kter\u00e9 nemaj\u00ed dost lid\u00ed.<\/p>\n<p>Za\u0159\u00edzen\u00ed z\u00e1rove\u0148 mohou poslat zpr\u00e1vu rodi\u010d\u016fm p\u00edsemn\u011b, co\u017e jim u\u0161et\u0159\u00ed cestu do poradny. Jej\u00ed doporu\u010den\u00ed k p\u00e9\u010di o potomka s handicapem si pak p\u0159evezmou p\u0159\u00edmo ve \u0161kole.<\/p>\n<p>Zvy\u0161uj\u00ed se tak\u00e9 pravomoci \u0159editel\u016f, kte\u0159\u00ed sami mohou rozhodnout, kolik d\u011bt\u00ed bude ve skupin\u011b, kde se uplat\u0148uj\u00ed interven\u010dn\u00ed pedagogick\u00e1 opat\u0159en\u00ed. &#8222;M\u00edsto \u010dty\u0159 tam bude moci b\u00fdt a\u017e \u0161est \u017e\u00e1k\u016f. Celkov\u00fd objem pen\u011bz, tedy 25 tis\u00edc korun na skupinu, se nem\u011bn\u00ed. Beze zm\u011bny z\u016fst\u00e1v\u00e1 i p\u016fsoben\u00ed asistent\u016f pedagoga, v z\u00e1konn\u00e9m rozsahu na n\u011bj maj\u00ed n\u00e1rok d\u011bti od 3. stupn\u011b posti\u017een\u00ed,&#8220; zd\u016fraznila Zapletalov\u00e1.<\/p>\n<p>Maminka dev\u00edtilet\u00e9 Terezky Jitka Borkovcov\u00e1 oce\u0148uje, \u017ee d\u00edky nov\u00e9 vyhl\u00e1\u0161ce bude m\u00edt jej\u00ed dcera od z\u00e1\u0159\u00ed n\u00e1rok nejen na asistenta ve t\u0159\u00edd\u011b, ale tak\u00e9 v dru\u017ein\u011b. Toho si dosud museli platit. &#8222;Dcera m\u00e1 t\u011blesn\u00fd handicap, ale ment\u00e1ln\u011b je zcela zdrav\u00e1 a nikdy jsme neuva\u017eovali, \u017ee by chodila do jin\u00e9 ne\u017e b\u011b\u017en\u00e9 \u0161koly,&#8220; tvrd\u00ed Jitka Borkovcov\u00e1 s t\u00edm, \u017ee pr\u00e1v\u011b finan\u010dn\u00ed podpora st\u00e1tu je pro rodi\u010de d\u016fle\u017eit\u00e1.<\/p>\n<p>Ministr \u0161kolstv\u00ed \u017e\u00e1d\u00e1 na p\u0159\u00ed\u0161t\u00ed rok na spole\u010dn\u00e9 vzd\u011bl\u00e1v\u00e1n\u00ed, kter\u00e9 zahrnuje i nadan\u00e9 d\u011bti, soci\u00e1ln\u011b znev\u00fdhodn\u011bn\u00e9 \u017e\u00e1ky, cizince \u010di dvojjazy\u010dn\u00e9 \u0161kol\u00e1ky, 2,5 miliardy korun nav\u00edc. Podle informac\u00ed Den\u00edku by p\u0159\u00ed\u0161t\u00ed rok m\u011bl st\u00e1t na tyto d\u011bti celkov\u011b vydat 3,3 miliardy. Ministr financ\u00ed Ivan Piln\u00fd (ANO) se zat\u00edm tomuto po\u017eadavku br\u00e1n\u00ed. Podle n\u011bj by resort m\u011bl prost\u0159edky naj\u00edt ve vlastn\u00edch zdroj\u00edch. Tento z\u00e1v\u011br ov\u0161em postr\u00e1d\u00e1 logiku.<\/p>\n<p>Jak potvrzuj\u00ed odborn\u00edci, inkluze je drah\u00e1, ale nutn\u00e1 sou\u010d\u00e1st modern\u00edho vzd\u011bl\u00e1v\u00e1n\u00ed. I proto pro ni hlasovali z\u00e1konod\u00e1rci \u010cSSD, KDU-\u010cSL i ANO.<\/p>\n<p>KATE\u0158INA PERKNEROV\u00c1<br \/>\nPra\u017esk\u00fd den\u00edk<br \/>\n<a href=\"http:\/\/www.prazsky.denik.cz\/\">http:\/\/www.prazsky.denik.cz\/<\/a><\/p>\n","protected":false},"excerpt":{"rendered":"<div class=\"mh-excerpt\"><p>Legislativn\u00ed rada vl\u00e1dy dnes rozhodne o vyhl\u00e1\u0161ce, kter\u00e1 v n\u011bkter\u00fdch bodech upravuje spole\u010dn\u00e9 vzd\u011bl\u00e1v\u00e1n\u00ed d\u011bt\u00ed. Praxe d\u00e1v\u00e1 nejlep\u0161\u00ed odpov\u011bdi na to, zda se z\u00e1konod\u00e1rci strefili <a class=\"mh-excerpt-more\" href=\"https:\/\/www.invarena.cz\/?p=28910\" title=\"Inkluze po roce: M\u00e9n\u011b administrativy, v\u00edce pen\u011bz\">[&#8230;]<\/a><\/p>\n<\/div>","protected":false},"author":1,"featured_media":14680,"comment_status":"open","ping_status":"closed","sticky":false,"template":"","format":"standard","meta":{"footnotes":""},"categories":[9],"tags":[],"class_list":["post-28910","post","type-post","status-publish","format-standard","has-post-thumbnail","hentry","category-zpravy"],"_links":{"self":[{"href":"https:\/\/www.invarena.cz\/index.php?rest_route=\/wp\/v2\/posts\/28910","targetHints":{"allow":["GET"]}}],"collection":[{"href":"https:\/\/www.invarena.cz\/index.php?rest_route=\/wp\/v2\/posts"}],"about":[{"href":"https:\/\/www.invarena.cz\/index.php?rest_route=\/wp\/v2\/types\/post"}],"author":[{"embeddable":true,"href":"https:\/\/www.invarena.cz\/index.php?rest_route=\/wp\/v2\/users\/1"}],"replies":[{"embeddable":true,"href":"https:\/\/www.invarena.cz\/index.php?rest_route=%2Fwp%2Fv2%2Fcomments&post=28910"}],"version-history":[{"count":0,"href":"https:\/\/www.invarena.cz\/index.php?rest_route=\/wp\/v2\/posts\/28910\/revisions"}],"wp:featuredmedia":[{"embeddable":true,"href":"https:\/\/www.invarena.cz\/index.php?rest_route=\/wp\/v2\/media\/14680"}],"wp:attachment":[{"href":"https:\/\/www.invarena.cz\/index.php?rest_route=%2Fwp%2Fv2%2Fmedia&parent=28910"}],"wp:term":[{"taxonomy":"category","embeddable":true,"href":"https:\/\/www.invarena.cz\/index.php?rest_route=%2Fwp%2Fv2%2Fcategories&post=28910"},{"taxonomy":"post_tag","embeddable":true,"href":"https:\/\/www.invarena.cz\/index.php?rest_route=%2Fwp%2Fv2%2Ftags&post=28910"}],"curies":[{"name":"wp","href":"https:\/\/api.w.org\/{rel}","templated":true}]}}