{"id":28924,"date":"2017-08-15T20:45:00","date_gmt":"2017-08-15T18:45:00","guid":{"rendered":"http:\/\/www.invarena.cz\/?p=28924"},"modified":"2017-08-15T20:45:00","modified_gmt":"2017-08-15T18:45:00","slug":"petr-lachnit-aktivizace-je-soucasti-soudobych-trendu-v-peci-o-seniory","status":"publish","type":"post","link":"https:\/\/www.invarena.cz\/?p=28924","title":{"rendered":"Petr Lachnit: Aktivizace je sou\u010d\u00e1st\u00ed soudob\u00fdch trend\u016f v p\u00e9\u010di o seniory"},"content":{"rendered":"<p><strong>&#8222;Pry\u010d je doba, kdy v soci\u00e1ln\u00edch slu\u017eb\u00e1ch bylo hlavn\u00edm c\u00edlem v p\u00e9\u010di o seniory zabezpe\u010dit jejich z\u00e1kladn\u00ed \u017eivotn\u00ed pot\u0159eby. V dob\u011b, kdy se v\u011bk senior\u016f prodlu\u017euje, st\u00e1v\u00e1 se ned\u00edlnou sou\u010d\u00e1st\u00ed modern\u00ed p\u00e9\u010de o seniory jejich aktivizace,&#8220; uv\u00e1d\u00ed radn\u00ed pro soci\u00e1ln\u00ed oblast M\u010c Praha 5 Petr Lachnit a dod\u00e1v\u00e1&#8230;<\/strong> <!--more--><\/p>\n<p>Ruku v ruce s prodlu\u017euj\u00edc\u00edm se v\u011bkem senior\u016f se dost\u00e1v\u00e1 do pop\u0159ed\u00ed prevence fyzick\u00e9ho a du\u0161evn\u00edho st\u00e1rnut\u00ed senior\u016f, kter\u00e1 spo\u010d\u00edv\u00e1 spolu s dodr\u017eov\u00e1n\u00edm zdrav\u00e9ho \u017eivotn\u00edho stylu i v t\u011blesn\u00fdch aktivit\u00e1ch a dostate\u010dn\u00e9m zat\u011b\u017eov\u00e1n\u00ed a tr\u00e9nov\u00e1n\u00ed mozku a udr\u017eov\u00e1n\u00ed si intelektu\u00e1ln\u00edho rozhledu.<\/p>\n<p>Centrum soci\u00e1ln\u00ed a o\u0161et\u0159ovatelsk\u00e9 pomoci Praha 5 m\u00e1 vytvo\u0159en\u00fd funk\u010dn\u00ed syst\u00e9m poskytov\u00e1n\u00ed soci\u00e1ln\u00edch slu\u017eeb a soci\u00e1ln\u00ed p\u00e9\u010de pro seniory a zdravotn\u011b a t\u011blesn\u011b posti\u017een\u00e9 ob\u010dany formou roz\u0161\u00ed\u0159en\u00e9 nab\u00eddky aktiviza\u010dn\u00edch program\u016f a volno\u010dasov\u00fdch aktivit.<\/p>\n<p>Odborn\u00ed pracovn\u00edci se na jednotliv\u00fdch st\u0159edisc\u00edch setk\u00e1vaj\u00ed se seniory, kde se spole\u010dn\u011b pl\u00e1nuj\u00ed aktivizace a realizuj\u00ed se volno\u010dasov\u00e9 programy, ve kter\u00fdch si maj\u00ed mo\u017enost senio\u0159i procvi\u010dit pam\u011b\u0165 formou test\u016f, kv\u00edz\u016f, deskov\u00fdch her a reminiscen\u010dn\u00edch technik, kter\u00e9 podporuj\u00ed a rozv\u00edjej\u00ed jejich kognitivn\u00ed funkce.<\/p>\n<p>Senio\u0159i si v prostor\u00e1ch komunitn\u00edch center, ale i v dom\u011b s pe\u010dovatelskou slu\u017ebou zvykli sami organizovat i \u0159adu kurz\u016f, semin\u00e1\u0159\u016f, setk\u00e1n\u00ed, workshop\u016f, v\u00fdlet\u016f, kter\u00e9 je motivuj\u00ed k dal\u0161\u00edm spole\u010dn\u00fdm aktivit\u00e1m, setk\u00e1n\u00edm a z\u00e1\u017eitk\u016fm.<\/p>\n<p>Podstatou fungov\u00e1n\u00ed st\u0159edisek p\u0159\u00edsp\u011bvkov\u00e9 organizace Centra soci\u00e1ln\u00ed a o\u0161et\u0159ovatelsk\u00e9 pomoci Praha 5 se tak stala komunitn\u00ed forma pr\u00e1ce s ob\u010dany. Soci\u00e1ln\u00ed p\u00e9\u010de je obohacena o aktivity a aktiviza\u010dn\u00ed programy nejen pro aktivn\u00ed ob\u010dany z komunitn\u00edch center Louka, U Kr\u00e1lovsk\u00e9 louky 5 a Pr\u00e1delna, Hole\u010dkova 38, ale i pro klienty Domu soci\u00e1ln\u00edch slu\u017eeb Na Neklance 15 a Domu s pe\u010dovatelskou slu\u017ebou, Zubat\u00e9ho 10.<\/p>\n<p>V pobytov\u00e9m za\u0159\u00edzen\u00ed v Dom\u011b soci\u00e1ln\u00edch slu\u017eeb prob\u00edhaj\u00ed specifick\u00e9 aktivizace individu\u00e1ln\u00ed a skupinov\u00e9 pod veden\u00edm profesion\u00e1ln\u00edho t\u00fdmu odborn\u00fdch pracovn\u00edk\u016f. Individu\u00e1ln\u011b formou n\u00e1cviku ch\u016fze, pohybu na l\u016f\u017eku, n\u00e1cviku sebeobslu\u017en\u00e9 p\u00e9\u010de. Ve skupin\u011b tak\u00e9 vedle pohybov\u00fdch cvi\u010den\u00ed, realizujeme cvi\u010den\u00ed pam\u011bti a reminiscen\u010dn\u00ed aktivity, kter\u00e9 podporuj\u00ed, rozv\u00edjej\u00ed a pom\u00e1haj\u00ed udr\u017eet ment\u00e1ln\u00ed schopnosti senior\u016f. Klienti se mohou zapojit i do s\u00e1zen\u00ed rostlin v atriov\u00e9 komunitn\u00ed zahrad\u011b a tvo\u0159iv\u00e9 d\u00edlny, v\u00fdrobou r\u016fzn\u00fdch dopl\u0148k\u016f a p\u0159edm\u011bt\u016f zejm\u00e9na pro radost a sv\u00e9 p\u0159\u00edbuzn\u00e9 a zn\u00e1m\u00e9. T\u00edm si cvi\u010d\u00ed jemnou motoriku a z\u00edsk\u00e1vaj\u00ed tak motivaci k rozv\u00edjen\u00ed dal\u0161\u00edch \u010dinnost\u00ed.<\/p>\n<p>Pro tyto klienty je velmi d\u016fle\u017eit\u00e9 navazov\u00e1n\u00ed spole\u010densk\u00fdch kontakt\u016f p\u0159i pravideln\u00fdch setk\u00e1v\u00e1n\u00edch se p\u0159i r\u016fzn\u00fdch v\u00fdznamn\u00fdch p\u0159\u00edle\u017eitostech, jako jsou oslavy narozenin v kav\u00e1rni\u010dce domu a kulturn\u00edch akc\u00ed a vystoupen\u00ed host\u016f. T\u011bchto aktivit se z\u00fa\u010dast\u0148uj\u00ed i jejich rodinn\u00ed p\u0159\u00edslu\u0161n\u00edci, kte\u0159\u00ed se nau\u010dili zde b\u00fdt i pravideln\u00fdmi hosty. Nejen\u017ee se \u00fa\u010dastn\u00ed t\u011bchto aktivit, ale i pom\u00e1haj\u00ed s vytv\u00e1\u0159en\u00edm kulturn\u00edch program\u016f a oslav. Sv\u00fdm rodi\u010d\u016fm, zn\u00e1m\u00fdm, p\u0159\u00e1tel\u016fm, kte\u0159\u00ed jsou moment\u00e1ln\u011b v za\u0159\u00edzen\u00ed projevuj\u00ed tak svou soun\u00e1le\u017eitost a oporu. V n\u011bkter\u00fdch p\u0159\u00edpadech t\u00edmto doch\u00e1z\u00ed i ke zlep\u0161ov\u00e1n\u00ed a ztmelov\u00e1n\u00ed vztah\u016f v rodin\u00e1ch a navazov\u00e1n\u00ed dlouhodob\u00fdch p\u0159\u00e1telstv\u00ed, kter\u00e1 p\u0159etrv\u00e1vaj\u00ed i po dobu, kdy klient na\u0161e za\u0159\u00edzen\u00ed opou\u0161t\u00ed.<\/p>\n<p>Dal\u0161\u00ed aktiviza\u010dn\u00ed programy se realizuj\u00ed v Dom\u011b s pe\u010dovatelskou slu\u017ebou ji\u017e od roku 2016, kdy klienti sami projevili z\u00e1jem se setk\u00e1vat, spole\u010dn\u011b pro\u017e\u00edvat a neb\u00fdt sami se sv\u00fdmi probl\u00e9my. Setk\u00e1n\u00ed prob\u00edhaj\u00ed ve spole\u010dn\u00fdch prostor\u00e1ch domu, klubovn\u011b s malou kav\u00e1rni\u010dkou, kde se v\u0161ichni c\u00edt\u00ed p\u0159\u00edjemn\u011b. Pod veden\u00edm aktiviza\u010dn\u00ed pracovnice se zde prost\u0159ednictv\u00edm reminiscen\u010dn\u00edch technik odv\u00edjej\u00ed a p\u0159ed\u00e1vaj\u00ed \u017eivotn\u00ed p\u0159\u00edb\u011bhy a zku\u0161enosti. Organizuj\u00ed se cestovatelsk\u00e1 odpoledne a p\u0159ipravuj\u00ed se dal\u0161\u00ed programy. Tyto aktiviza\u010dn\u00ed programy jsou v Dom\u011b s pe\u010dovatelskou slu\u017ebou v sou\u010dasn\u00e9 dob\u011b ji\u017e b\u011b\u017enou a nepostradatelnou sou\u010d\u00e1st\u00ed \u017eivota domu.<\/p>\n<p>Komunitn\u00ed centra Pr\u00e1delna a Louka znamenaj\u00ed \u00fazk\u00e9 propojen\u00ed nab\u00eddky aktiviza\u010dn\u00edch a volno\u010dasov\u00fdch aktivit se v\u0161emi st\u0159edisky Centra soci\u00e1ln\u00ed a o\u0161et\u0159ovatelsk\u00e9 pomoci Praha 5. Ve\u0159ejnost, zejm\u00e9na seniorsk\u00e1, zde najde \u0161irokou \u0161k\u00e1lu vzd\u011bl\u00e1vac\u00edch program\u016f z oblasti zdrav\u00e9ho \u017eivotn\u00edho stylu, jazykov\u00fdch a po\u010d\u00edta\u010dov\u00fdch kurz\u016f, pohybov\u00fdch aktivit, cvi\u010den\u00ed, spole\u010densk\u00fdch a kulturn\u00edch aktivit. N\u011bkte\u0159\u00ed aktivn\u00ed senior\u0161t\u00ed n\u00e1v\u0161t\u011bvn\u00edci komunitn\u00edch center se nau\u010dili spolupracovat se st\u0159edisky Centra soci\u00e1ln\u00ed a o\u0161et\u0159ovatelsk\u00e9 pomoci Praha 5 a vytv\u00e1\u0159ej\u00ed tak pro klienty dal\u0161\u00ed aktivity pod heslem &#8222;Senio\u0159i senior\u016fm&#8220;, co\u017e bylo a je na\u0161\u00edm spole\u010dn\u00fdm c\u00edlem a m\u00e1me z tohoto v\u0161ichni radost.<\/p>\n<p>Parlamentn\u00ed Listy<br \/>\n<a href=\"http:\/\/www.parlamentnilisty.cz\/\">http:\/\/www.parlamentnilisty.cz\/<\/a><\/p>\n","protected":false},"excerpt":{"rendered":"<div class=\"mh-excerpt\"><p>&#8222;Pry\u010d je doba, kdy v soci\u00e1ln\u00edch slu\u017eb\u00e1ch bylo hlavn\u00edm c\u00edlem v p\u00e9\u010di o seniory zabezpe\u010dit jejich z\u00e1kladn\u00ed \u017eivotn\u00ed pot\u0159eby. V dob\u011b, kdy se v\u011bk senior\u016f <a class=\"mh-excerpt-more\" href=\"https:\/\/www.invarena.cz\/?p=28924\" title=\"Petr Lachnit: Aktivizace je sou\u010d\u00e1st\u00ed soudob\u00fdch trend\u016f v p\u00e9\u010di o seniory\">[&#8230;]<\/a><\/p>\n<\/div>","protected":false},"author":1,"featured_media":7608,"comment_status":"open","ping_status":"closed","sticky":false,"template":"","format":"standard","meta":{"footnotes":""},"categories":[9],"tags":[],"class_list":["post-28924","post","type-post","status-publish","format-standard","has-post-thumbnail","hentry","category-zpravy"],"_links":{"self":[{"href":"https:\/\/www.invarena.cz\/index.php?rest_route=\/wp\/v2\/posts\/28924","targetHints":{"allow":["GET"]}}],"collection":[{"href":"https:\/\/www.invarena.cz\/index.php?rest_route=\/wp\/v2\/posts"}],"about":[{"href":"https:\/\/www.invarena.cz\/index.php?rest_route=\/wp\/v2\/types\/post"}],"author":[{"embeddable":true,"href":"https:\/\/www.invarena.cz\/index.php?rest_route=\/wp\/v2\/users\/1"}],"replies":[{"embeddable":true,"href":"https:\/\/www.invarena.cz\/index.php?rest_route=%2Fwp%2Fv2%2Fcomments&post=28924"}],"version-history":[{"count":0,"href":"https:\/\/www.invarena.cz\/index.php?rest_route=\/wp\/v2\/posts\/28924\/revisions"}],"wp:featuredmedia":[{"embeddable":true,"href":"https:\/\/www.invarena.cz\/index.php?rest_route=\/wp\/v2\/media\/7608"}],"wp:attachment":[{"href":"https:\/\/www.invarena.cz\/index.php?rest_route=%2Fwp%2Fv2%2Fmedia&parent=28924"}],"wp:term":[{"taxonomy":"category","embeddable":true,"href":"https:\/\/www.invarena.cz\/index.php?rest_route=%2Fwp%2Fv2%2Fcategories&post=28924"},{"taxonomy":"post_tag","embeddable":true,"href":"https:\/\/www.invarena.cz\/index.php?rest_route=%2Fwp%2Fv2%2Ftags&post=28924"}],"curies":[{"name":"wp","href":"https:\/\/api.w.org\/{rel}","templated":true}]}}