{"id":28928,"date":"2017-08-15T20:49:40","date_gmt":"2017-08-15T18:49:40","guid":{"rendered":"http:\/\/www.invarena.cz\/?p=28928"},"modified":"2017-08-15T20:49:40","modified_gmt":"2017-08-15T18:49:40","slug":"pardubice-zamek-bude-plny-socialnich-sluzeb","status":"publish","type":"post","link":"https:\/\/www.invarena.cz\/?p=28928","title":{"rendered":"Pardubice: Z\u00e1mek bude pln\u00fd soci\u00e1ln\u00edch slu\u017eeb"},"content":{"rendered":"<p><strong>N\u00e1dvo\u0159\u00ed pardubick\u00e9ho z\u00e1mku se 16. srpna na jeden den zm\u011bn\u00ed v pon\u011bkud atypick\u00e9 tr\u017ei\u0161t\u011b. V r\u00e1mci veletrhu soci\u00e1ln\u00edch slu\u017eeb se zde budou nab\u00edzet soci\u00e1ln\u00ed slu\u017eby, nev\u0161edn\u00ed z\u00e1\u017eitky i z\u00e1bava.<\/strong> <!--more--><\/p>\n<p>Akce nem\u00e1 ve\u0159ejnosti nab\u00eddnout pouze p\u0159ehled soci\u00e1ln\u00edch slu\u017eeb, kter\u00e9 lze v Pardubic\u00edch naj\u00edt a vyu\u017e\u00edvat, ale tak\u00e9 uk\u00e1zat, \u017ee sv\u011bt lid\u00ed, kte\u0159\u00ed pot\u0159ebuj\u00ed z jak\u00e9hokoli d\u016fvodu pomoc druh\u00fdch, nemus\u00ed b\u00fdt smutn\u00fd a \u0161ediv\u00fd. I proto m\u00e1 veletrh podtitul \u017dijeme v pestr\u00e9m sv\u011bt\u011b.<\/p>\n<p>&#8222;Veletrh soci\u00e1ln\u00edch slu\u017eeb po\u0159\u00e1d\u00e1 m\u011bsto Pardubice od roku 2006. V posledn\u00edch letech jej dopl\u0148uj\u00ed aktivity jednotliv\u00fdch poskytovatel\u016f, aby ve\u0159ejnost nejen v\u011bd\u011bla, \u017ee zde ta kter\u00e1 slu\u017eba je, ale tak\u00e9 m\u011bla p\u0159edstavu, jak funguje, \u010d\u00edm m\u016f\u017ee \u017eivot klient\u016f obohatit. U\u017e d\u00e1vno p\u0159eci nejde jen o to zajistit lidem stravu, \u00faklid, n\u00e1kupy a podobn\u011b, jako kdysi,&#8220; \u0159ekl n\u00e1m\u011bstek prim\u00e1tora zodpov\u011bdn\u00fd za soci\u00e1ln\u00ed oblast Jakub Rychteck\u00fd.<\/p>\n<p>&#8222;Leto\u0161n\u00ed ro\u010dn\u00edk je, stejn\u011b jako ten minul\u00fd, spojen s t\u00e9matikou sportu v r\u00e1mci Sportovn\u00edho parku Pardubice. I handicapovan\u00ed mohou b\u00fdt dobr\u00fdmi sportovci,&#8220; dodal.<\/p>\n<p>Na veletrhu se p\u0159edstav\u00ed 24 poskytovatel\u016f nejr\u016fzn\u011bj\u0161\u00edch soci\u00e1ln\u00edch slu\u017eeb, ale n\u00e1v\u0161t\u011bvn\u00edky \u010dek\u00e1 i z\u00e1bavn\u00fd program s \u0159adou kv\u00edz\u016f a sout\u011b\u017e\u00ed, kulturn\u00edch vystoupen\u00ed \u010di uk\u00e1zek sport\u016f, kter\u00fdm se mohou handicapovan\u00ed nebo senio\u0159i v\u011bnovat, mal\u00e1 \u0161kola znakov\u00e9 \u0159e\u010di a \u0159ada dal\u0161\u00edch aktivit, kter\u00e9 n\u00e1v\u0161t\u011bvn\u00edky jist\u011b zaujmou. Pr\u016fvodcem jim letos bude i mu\u017e z nejpovolan\u011bj\u0161\u00edch, Martin Zach. A\u010d je po \u00farazu upout\u00e1n na invalidn\u00ed voz\u00edk, \u017eivot nevzd\u00e1v\u00e1, ale v\u011bnuje se sportu, moderov\u00e1n\u00ed i pomoci ostatn\u00edm handicapovan\u00fdm.<\/p>\n<p>&#8222;Br\u00e1ny&#8220; veletrhu se otev\u0159ou 16. srpna v 10:00 a uzav\u0159ou v 17:00.<\/p>\n<p>Parlamentn\u00ed Listy<br \/>\n<a href=\"http:\/\/www.parlamentnilisty.cz\/\">http:\/\/www.parlamentnilisty.cz\/<\/a><\/p>\n","protected":false},"excerpt":{"rendered":"<div class=\"mh-excerpt\"><p>N\u00e1dvo\u0159\u00ed pardubick\u00e9ho z\u00e1mku se 16. srpna na jeden den zm\u011bn\u00ed v pon\u011bkud atypick\u00e9 tr\u017ei\u0161t\u011b. V r\u00e1mci veletrhu soci\u00e1ln\u00edch slu\u017eeb se zde budou nab\u00edzet soci\u00e1ln\u00ed slu\u017eby, <a class=\"mh-excerpt-more\" href=\"https:\/\/www.invarena.cz\/?p=28928\" title=\"Pardubice: Z\u00e1mek bude pln\u00fd soci\u00e1ln\u00edch slu\u017eeb\">[&#8230;]<\/a><\/p>\n<\/div>","protected":false},"author":1,"featured_media":0,"comment_status":"open","ping_status":"closed","sticky":false,"template":"","format":"standard","meta":{"footnotes":""},"categories":[9],"tags":[],"class_list":["post-28928","post","type-post","status-publish","format-standard","hentry","category-zpravy"],"_links":{"self":[{"href":"https:\/\/www.invarena.cz\/index.php?rest_route=\/wp\/v2\/posts\/28928","targetHints":{"allow":["GET"]}}],"collection":[{"href":"https:\/\/www.invarena.cz\/index.php?rest_route=\/wp\/v2\/posts"}],"about":[{"href":"https:\/\/www.invarena.cz\/index.php?rest_route=\/wp\/v2\/types\/post"}],"author":[{"embeddable":true,"href":"https:\/\/www.invarena.cz\/index.php?rest_route=\/wp\/v2\/users\/1"}],"replies":[{"embeddable":true,"href":"https:\/\/www.invarena.cz\/index.php?rest_route=%2Fwp%2Fv2%2Fcomments&post=28928"}],"version-history":[{"count":0,"href":"https:\/\/www.invarena.cz\/index.php?rest_route=\/wp\/v2\/posts\/28928\/revisions"}],"wp:attachment":[{"href":"https:\/\/www.invarena.cz\/index.php?rest_route=%2Fwp%2Fv2%2Fmedia&parent=28928"}],"wp:term":[{"taxonomy":"category","embeddable":true,"href":"https:\/\/www.invarena.cz\/index.php?rest_route=%2Fwp%2Fv2%2Fcategories&post=28928"},{"taxonomy":"post_tag","embeddable":true,"href":"https:\/\/www.invarena.cz\/index.php?rest_route=%2Fwp%2Fv2%2Ftags&post=28928"}],"curies":[{"name":"wp","href":"https:\/\/api.w.org\/{rel}","templated":true}]}}