{"id":28929,"date":"2017-08-15T20:51:19","date_gmt":"2017-08-15T18:51:19","guid":{"rendered":"http:\/\/www.invarena.cz\/?p=28929"},"modified":"2017-08-15T20:51:19","modified_gmt":"2017-08-15T18:51:19","slug":"v-olomouci-stavi-novou-kliniku-za-335-milionu-takto-ma-vypadat","status":"publish","type":"post","link":"https:\/\/www.invarena.cz\/?p=28929","title":{"rendered":"V Olomouci stav\u00ed novou kliniku za 335 milion\u016f. Takto m\u00e1 vypadat"},"content":{"rendered":"<p><strong>V are\u00e1lu nejv\u011bt\u0161\u00ed nemocnice v Olomouck\u00e9m kraji, Fakultn\u00ed nemocnici Olomouc, vyr\u016fst\u00e1 nov\u00e1 klinika.<\/strong><!--more--><\/p>\n<p>Cel\u00fd \u010dl\u00e1nek <a href=\"http:\/\/olomoucky.denik.cz\/zpravy_region\/v-olomouci-stavi-novou-kliniku-za-335-milionu-takto-ma-vypadat-20170813.html\">ZDE<\/a><\/p>\n","protected":false},"excerpt":{"rendered":"<div class=\"mh-excerpt\"><p>V are\u00e1lu nejv\u011bt\u0161\u00ed nemocnice v Olomouck\u00e9m kraji, Fakultn\u00ed nemocnici Olomouc, vyr\u016fst\u00e1 nov\u00e1 klinika.<\/p>\n<\/div>","protected":false},"author":1,"featured_media":0,"comment_status":"open","ping_status":"closed","sticky":false,"template":"","format":"standard","meta":{"footnotes":""},"categories":[9],"tags":[],"class_list":["post-28929","post","type-post","status-publish","format-standard","hentry","category-zpravy"],"_links":{"self":[{"href":"https:\/\/www.invarena.cz\/index.php?rest_route=\/wp\/v2\/posts\/28929","targetHints":{"allow":["GET"]}}],"collection":[{"href":"https:\/\/www.invarena.cz\/index.php?rest_route=\/wp\/v2\/posts"}],"about":[{"href":"https:\/\/www.invarena.cz\/index.php?rest_route=\/wp\/v2\/types\/post"}],"author":[{"embeddable":true,"href":"https:\/\/www.invarena.cz\/index.php?rest_route=\/wp\/v2\/users\/1"}],"replies":[{"embeddable":true,"href":"https:\/\/www.invarena.cz\/index.php?rest_route=%2Fwp%2Fv2%2Fcomments&post=28929"}],"version-history":[{"count":0,"href":"https:\/\/www.invarena.cz\/index.php?rest_route=\/wp\/v2\/posts\/28929\/revisions"}],"wp:attachment":[{"href":"https:\/\/www.invarena.cz\/index.php?rest_route=%2Fwp%2Fv2%2Fmedia&parent=28929"}],"wp:term":[{"taxonomy":"category","embeddable":true,"href":"https:\/\/www.invarena.cz\/index.php?rest_route=%2Fwp%2Fv2%2Fcategories&post=28929"},{"taxonomy":"post_tag","embeddable":true,"href":"https:\/\/www.invarena.cz\/index.php?rest_route=%2Fwp%2Fv2%2Ftags&post=28929"}],"curies":[{"name":"wp","href":"https:\/\/api.w.org\/{rel}","templated":true}]}}