{"id":28947,"date":"2017-08-17T15:50:47","date_gmt":"2017-08-17T13:50:47","guid":{"rendered":"http:\/\/www.invarena.cz\/?p=28947"},"modified":"2017-08-17T15:50:47","modified_gmt":"2017-08-17T13:50:47","slug":"senat-podporil-dlouhodobe-osetrovne","status":"publish","type":"post","link":"https:\/\/www.invarena.cz\/?p=28947","title":{"rendered":"Sen\u00e1t podpo\u0159il dlouhodob\u00e9 o\u0161et\u0159ovn\u00e9"},"content":{"rendered":"<p><strong>N\u00e1vrh Ministerstva pr\u00e1ce a soci\u00e1ln\u00edch v\u011bc\u00ed na zaveden\u00ed dlouhodob\u00e9ho o\u0161et\u0159ovn\u00e9ho schv\u00e1lili sen\u00e1to\u0159i a sen\u00e1torky. Nov\u00e1 d\u00e1vka nemocensk\u00e9ho poji\u0161t\u011bn\u00ed pom\u016f\u017ee od poloviny p\u0159\u00ed\u0161t\u00edho roku rodin\u00e1m v krizov\u00fdch situac\u00edch s p\u00e9\u010d\u00ed o \u010dlena rodiny.<\/strong><br \/>\n<!--more--><br \/>\n\u201eJsem velice r\u00e1da, \u017ee z\u00e1kon, kter\u00fd zav\u00e1d\u00ed dlouhodob\u00e9 o\u0161et\u0159ovn\u00e9 pro\u0161el i Sen\u00e1tem a m\u00ed\u0159\u00ed k podpisu prezidenta. Lid\u00e9 d\u00edky tomu budou m\u00edt mo\u017enost postarat se nap\u0159\u00edklad o d\u00edt\u011b po v\u00e1\u017en\u00e9m \u00faraze nebo o nemocn\u00e9ho seniora, kte\u0159\u00ed se tak budou moci l\u00e9\u010dit v dom\u00e1c\u00edm prost\u0159ed\u00ed a nikoli ve zdravotnick\u00e9m za\u0159\u00edzen\u00ed,\u201c \u0159ekla ministryn\u011b pr\u00e1ce Michaela Marksov\u00e1.<\/p>\n<p>Dlouhodob\u00e9 o\u0161et\u0159ovn\u00e9 pom\u016f\u017ee v\u00a0dob\u011b, bezprost\u0159edn\u011b po propu\u0161t\u011bn\u00ed o\u0161et\u0159ovan\u00e9ho z\u00a0nemocnice, nap\u0159\u00edklad po v\u00e1\u017en\u00e9m \u00farazu nebo nemoci. V\u00a0situaci, kdy je pot\u0159eba celodenn\u011b pe\u010dovat o\u00a0jin\u00e9ho \u010dlena rodiny po dobu alespo\u0148 30 dn\u016f, bude mo\u017en\u00e9 po\u017e\u00e1dat o\u00a0d\u00e1vku na dobu a\u017e 90 dn\u016f ode dne propu\u0161t\u011bn\u00ed z\u00a0hospitalizace. Pe\u010dovat s\u00a0n\u00e1rokem na d\u00e1vku bude mo\u017en\u00e9 o\u00a0\u010dlena rodiny, u\u00a0kter\u00e9ho do\u0161lo n\u00e1hle k\u00a0z\u00e1va\u017en\u00e9 zdravotn\u00ed komplikaci, kter\u00e1 si vy\u017e\u00e1dala hospitalizaci alespo\u0148 po dobu 7 kalend\u00e1\u0159n\u00edch dn\u016f a pokud z\u00e1rove\u0148 nemocnice potvrdila, \u017ee jeho zdravotn\u00ed stav po propu\u0161t\u011bn\u00ed do dom\u00e1c\u00edho prost\u0159ed\u00ed bude vy\u017eadovat celodenn\u00ed poskytov\u00e1n\u00ed dlouhodob\u00e9 p\u00e9\u010de alespo\u0148 po dobu dal\u0161\u00edch 30 kalend\u00e1\u0159n\u00edch dn\u016f. Pot\u0159ebu p\u00e9\u010de v\u00a0n\u00e1sleduj\u00edc\u00edm obdob\u00ed potvrd\u00ed o\u0161et\u0159uj\u00edc\u00ed l\u00e9ka\u0159.<\/p>\n<p>Rodiny z\u00edskaj\u00ed \u010das bez obav uv\u00e1\u017eit, jak zajistit p\u00e9\u010di o\u00a0sv\u00e9ho p\u0159\u00edbuzn\u00e9ho, pokud by m\u011bla b\u00fdt dlouhodob\u00e1 (v\u00edce ne\u017e 3\u00a0m\u011bs\u00edce). Novelou z\u00e1kona se odstra\u0148uj\u00ed hlavn\u00ed p\u0159ek\u00e1\u017eky, kter\u00e9 v\u00a0sou\u010dasn\u00e9 dob\u011b p\u00e9\u010di v\u00a0rodin\u011b omezuj\u00ed nebo znemo\u017e\u0148uj\u00ed. Jedn\u00e1 se zejm\u00e9na o\u00a0obavu ze ztr\u00e1ty p\u0159\u00edjmu a obavu z\u00a0v\u00fdpov\u011bdi z\u00a0pr\u00e1ce p\u0159i \u017e\u00e1dosti o\u00a0neplacen\u00e9 volno. Pe\u010duj\u00edc\u00edmu, a\u0165 ji\u017e zam\u011bstnanci nebo OSV\u010c, bude po dobu poskytov\u00e1n\u00ed dlouhodob\u00e9 p\u00e9\u010de n\u00e1le\u017eet z\u00a0nemocensk\u00e9ho poji\u0161t\u011bn\u00ed n\u00e1hrada ztr\u00e1ty p\u0159\u00edjmu z\u00a0v\u00fdd\u011ble\u010dn\u00e9 \u010dinnosti, kter\u00e1 musela b\u00fdt p\u0159eru\u0161ena, a to ve stejn\u00e9 v\u00fd\u0161i jako v\u00a0p\u0159\u00edpad\u011b kr\u00e1tkodob\u00e9ho o\u0161et\u0159ovn\u00e9ho, tj. 60\u00a0% denn\u00edho vym\u011b\u0159ovac\u00edho z\u00e1kladu. V\u00a0pr\u016fb\u011bhu p\u00e9\u010de nem\u016f\u017ee zam\u011bstnanec dostat v\u00fdpov\u011b\u010f a po ukon\u010den\u00ed p\u00e9\u010de mu nov\u00e1 \u00faprava v\u00a0z\u00e1kon\u00edku pr\u00e1ce d\u00e1le garantuje p\u016fvodn\u00ed pr\u00e1ci i\u00a0n\u00e1vrat na stejn\u00e9 pracovn\u00ed m\u00edsto.<\/p>\n<p>Aby byly vyv\u00e1\u017eeny i\u00a0z\u00e1jmy zam\u011bstnavatele, nebude poskytnut\u00ed pracovn\u00edho volna pe\u010duj\u00edc\u00ed osob\u011b automatick\u00e9. Pokud zam\u011bstnanec z\u00e1m\u011br pe\u010dovat o\u00a0sv\u00e9ho rodinn\u00e9ho p\u0159\u00edslu\u0161n\u00edka zam\u011bstnavateli ozn\u00e1m\u00ed, m\u016f\u017ee zam\u011bstnavatel poskytnut\u00ed pracovn\u00edho volna odm\u00edtnout, pokud m\u00e1 pro to v\u00e1\u017en\u00e9 provozn\u00ed d\u016fvody a p\u00edsemn\u011b je zam\u011bstnanci sd\u011bl\u00ed. V\u00a0ostatn\u00edch p\u0159\u00edpadech je povinen volno poskytnout.<\/p>\n<p>O\u00a0p\u0159\u00edbuzn\u00e9ho po hospitalizaci bude moci pe\u010dovat \u0161irok\u00fd okruh o\u0161et\u0159uj\u00edc\u00edch osob. Pokud spln\u00ed ostatn\u00ed podm\u00ednky n\u00e1roku na tuto d\u00e1vku, bude dlouhodob\u00e9 o\u0161et\u0159ovn\u00e9 n\u00e1le\u017eet nejen nejbli\u017e\u0161\u00edm p\u0159\u00edbuzn\u00fdm o\u0161et\u0159ovan\u00e9 osoby (rodi\u010d\u016fm, prarodi\u010d\u016fm, d\u011btem, sourozenc\u016fm a jejich man\u017eel\u016fm nebo druh\u016fm), ale nap\u0159\u00edklad i\u00a0str\u00fdci nebo nete\u0159i o\u0161et\u0159ovan\u00e9 osoby, man\u017eelce nebo dru\u017ece str\u00fdce nebo man\u017eelovi nebo druhovi nete\u0159e. \u0160irok\u00fd okruh osob dovol\u00ed rodin\u00e1m svobodn\u011b se rozhodnout, kdo a jak bude dlouhodobou p\u00e9\u010di zaji\u0161\u0165ovat.<\/p>\n<p>O\u0161et\u0159uj\u00edc\u00ed s\u00a0n\u00e1rokem na dlouhodob\u00e9 o\u0161et\u0159ovn\u00e9 se mohou v\u00a0pr\u016fb\u011bhu o\u0161et\u0159ov\u00e1n\u00ed st\u0159\u00eddat. O\u0161et\u0159ovan\u00e1 osoba mus\u00ed v\u017edy d\u00e1t souhlas k\u00a0o\u0161et\u0159ov\u00e1n\u00ed konkr\u00e9tn\u00ed osob\u011b a mus\u00ed b\u00fdt nejen v\u00a0dob\u011b zah\u00e1jen\u00ed poskytov\u00e1n\u00ed dlouhodob\u00e9 p\u00e9\u010de, ale i\u00a0p\u0159ed jej\u00edm zapo\u010det\u00edm poskytov\u00e1n\u00ed \u00fa\u010dastna nemocensk\u00e9ho poji\u0161t\u011bn\u00ed po stanovenou dobu.<\/p>\n<p>Petr Hab\u00e1\u0148<br \/>\ntiskov\u00fd mluv\u010d\u00ed MPSV<\/p>\n","protected":false},"excerpt":{"rendered":"<div class=\"mh-excerpt\"><p>N\u00e1vrh Ministerstva pr\u00e1ce a soci\u00e1ln\u00edch v\u011bc\u00ed na zaveden\u00ed dlouhodob\u00e9ho o\u0161et\u0159ovn\u00e9ho schv\u00e1lili sen\u00e1to\u0159i a sen\u00e1torky. Nov\u00e1 d\u00e1vka nemocensk\u00e9ho poji\u0161t\u011bn\u00ed pom\u016f\u017ee od poloviny p\u0159\u00ed\u0161t\u00edho roku rodin\u00e1m v <a class=\"mh-excerpt-more\" href=\"https:\/\/www.invarena.cz\/?p=28947\" title=\"Sen\u00e1t podpo\u0159il dlouhodob\u00e9 o\u0161et\u0159ovn\u00e9\">[&#8230;]<\/a><\/p>\n<\/div>","protected":false},"author":1,"featured_media":14573,"comment_status":"open","ping_status":"closed","sticky":false,"template":"","format":"standard","meta":{"footnotes":""},"categories":[9],"tags":[],"class_list":["post-28947","post","type-post","status-publish","format-standard","has-post-thumbnail","hentry","category-zpravy"],"_links":{"self":[{"href":"https:\/\/www.invarena.cz\/index.php?rest_route=\/wp\/v2\/posts\/28947","targetHints":{"allow":["GET"]}}],"collection":[{"href":"https:\/\/www.invarena.cz\/index.php?rest_route=\/wp\/v2\/posts"}],"about":[{"href":"https:\/\/www.invarena.cz\/index.php?rest_route=\/wp\/v2\/types\/post"}],"author":[{"embeddable":true,"href":"https:\/\/www.invarena.cz\/index.php?rest_route=\/wp\/v2\/users\/1"}],"replies":[{"embeddable":true,"href":"https:\/\/www.invarena.cz\/index.php?rest_route=%2Fwp%2Fv2%2Fcomments&post=28947"}],"version-history":[{"count":0,"href":"https:\/\/www.invarena.cz\/index.php?rest_route=\/wp\/v2\/posts\/28947\/revisions"}],"wp:featuredmedia":[{"embeddable":true,"href":"https:\/\/www.invarena.cz\/index.php?rest_route=\/wp\/v2\/media\/14573"}],"wp:attachment":[{"href":"https:\/\/www.invarena.cz\/index.php?rest_route=%2Fwp%2Fv2%2Fmedia&parent=28947"}],"wp:term":[{"taxonomy":"category","embeddable":true,"href":"https:\/\/www.invarena.cz\/index.php?rest_route=%2Fwp%2Fv2%2Fcategories&post=28947"},{"taxonomy":"post_tag","embeddable":true,"href":"https:\/\/www.invarena.cz\/index.php?rest_route=%2Fwp%2Fv2%2Ftags&post=28947"}],"curies":[{"name":"wp","href":"https:\/\/api.w.org\/{rel}","templated":true}]}}