{"id":28955,"date":"2017-08-17T16:02:55","date_gmt":"2017-08-17T14:02:55","guid":{"rendered":"http:\/\/www.invarena.cz\/?p=28955"},"modified":"2017-08-17T16:02:55","modified_gmt":"2017-08-17T14:02:55","slug":"centrum-hajek-nabidne-ubytovani-pro-klienty","status":"publish","type":"post","link":"https:\/\/www.invarena.cz\/?p=28955","title":{"rendered":"Centrum H\u00e1jek nab\u00eddne ubytov\u00e1n\u00ed pro klienty"},"content":{"rendered":"<p><strong>\u010c\u00e1st ubytovac\u00edch prostor bude hotov\u00e1 u\u017e za m\u011bs\u00edc.<\/strong> <!--more--><\/p>\n<p>\u0160\u0165\u00e1hlavy \u2013 Rodi\u010de, kte\u0159\u00ed p\u0159ijedou se sv\u00fdm posti\u017een\u00fdm d\u00edt\u011btem na rehabilita\u010dn\u00ed pobyt do Centra H\u00e1jek nedaleko \u0160\u0165\u00e1hlav, zat\u00edm nemohli v prostor\u00e1ch bydlet. Brzy se situace zm\u011bn\u00ed. V are\u00e1lu n\u011bkdej\u0161\u00edho hotelu te\u010f vznikaj\u00ed nov\u00e9 apartm\u00e1ny. \u010c\u00e1st z nich bude hotov\u00e1 u\u017e za m\u011bs\u00edc.<\/p>\n<p>&#8222;Jezd\u00ed k n\u00e1m maminky a tat\u00ednci z cel\u00e9 republiky. Doba l\u00e9\u010dby pro jejich ratolesti je minim\u00e1ln\u011b \u010dtrn\u00e1ct dn\u00ed, m\u016f\u017ee b\u00fdt i del\u0161\u00ed. V okol\u00ed H\u00e1jku ale \u017e\u00e1dn\u00e9 kvalitn\u00ed bezbari\u00e9rov\u00e9 z\u00e1zem\u00ed nenajdou. Ani v Plzni to nen\u00ed o moc lep\u0161\u00ed,&#8220; nast\u00ednil Marcel \u0160ik, kter\u00fd se svou man\u017eelkou Lenkou v roce 2012 zalo\u017eili neziskovou organizaci a komplex za\u010dali p\u0159etv\u00e1\u0159et na m\u00edsto pro hendikepovan\u00e9 d\u011bti. Za\u0159\u00edzen\u00ed nab\u00edz\u00ed krom\u011b slu\u017eeb denn\u00edho stacion\u00e1\u0159e tak\u00e9 speci\u00e1ln\u00ed rehabilita\u010dn\u00ed program. &#8222;Je o n\u011bj velk\u00fd z\u00e1jem. Term\u00edny m\u00e1me zamluven\u00e9 na \u010dty\u0159i m\u011bs\u00edce dop\u0159edu. Kv\u016fli ubytov\u00e1n\u00ed pro rodi\u010de jsme spolupracovali s penziony nedaleko. Jsme r\u00e1di, \u017ee u\u017e zanedlouho nab\u00eddneme dobr\u00e9 z\u00e1zem\u00ed p\u0159\u00edmo u n\u00e1s,&#8220; doplnil.<\/p>\n<p>D\u00edky kompletn\u00ed rekonstrukci jednoho k\u0159\u00eddla objektu nab\u00eddne Centrum H\u00e1jek 16 dvoupokojov\u00fdch apartm\u00e1n\u016f a \u0161est samostatn\u00fdch pokoj\u016f (v\u0161echny disponuj\u00ed koupelnou a toaletou). V z\u00e1\u0159\u00ed se zp\u0159\u00edstupn\u00ed prvn\u00ed patro nov\u00e9ho ubytovac\u00edho z\u00e1zem\u00ed a nav\u00fd\u0161\u00ed se kapacita rehabilita\u010dn\u00edho programu. V sou\u010dasnosti \u010din\u00ed 12 m\u00edst, v budoucnu se zvedne pr\u00e1v\u011b na 16. Projekt vyjde p\u0159ibli\u017en\u011b na sedm milion\u016f korun. Man\u017eel\u00e9 \u0160ikovi \u010derpaj\u00ed pen\u00edze p\u0159edev\u0161\u00edm z vlastn\u00edch zdroj\u016f.<\/p>\n<p>Naopak z evropsk\u00fdch dotac\u00ed by cht\u011bli z\u00edskat finance je\u0161t\u011b na opravy dal\u0161\u00edho k\u0159\u00eddla, v n\u011bm\u017e by se m\u011bly nach\u00e1zet prostory pro rehabilitaci, j\u00eddelna, kuchyn\u011b, pr\u00e1delna a vstupn\u00ed hala. Pot\u0159eba je zhruba 70 milion\u016f korun. \u0160ikovi u\u017e maj\u00ed zpracovanou projektovou dokumentaci. O p\u0159\u00edpadn\u00e9 evropsk\u00e9 injekci se rozhodne na podzim.<\/p>\n<p>KL\u00c1RA MR\u00c1ZOV\u00c1<br \/>\nPlze\u0148sk\u00fd den\u00edk<br \/>\n<a href=\"http:\/\/plzensky.denik.cz\/\">http:\/\/plzensky.denik.cz\/<\/a><\/p>\n","protected":false},"excerpt":{"rendered":"<div class=\"mh-excerpt\"><p>\u010c\u00e1st ubytovac\u00edch prostor bude hotov\u00e1 u\u017e za m\u011bs\u00edc.<\/p>\n<\/div>","protected":false},"author":1,"featured_media":0,"comment_status":"open","ping_status":"closed","sticky":false,"template":"","format":"standard","meta":{"footnotes":""},"categories":[9],"tags":[],"class_list":["post-28955","post","type-post","status-publish","format-standard","hentry","category-zpravy"],"_links":{"self":[{"href":"https:\/\/www.invarena.cz\/index.php?rest_route=\/wp\/v2\/posts\/28955","targetHints":{"allow":["GET"]}}],"collection":[{"href":"https:\/\/www.invarena.cz\/index.php?rest_route=\/wp\/v2\/posts"}],"about":[{"href":"https:\/\/www.invarena.cz\/index.php?rest_route=\/wp\/v2\/types\/post"}],"author":[{"embeddable":true,"href":"https:\/\/www.invarena.cz\/index.php?rest_route=\/wp\/v2\/users\/1"}],"replies":[{"embeddable":true,"href":"https:\/\/www.invarena.cz\/index.php?rest_route=%2Fwp%2Fv2%2Fcomments&post=28955"}],"version-history":[{"count":0,"href":"https:\/\/www.invarena.cz\/index.php?rest_route=\/wp\/v2\/posts\/28955\/revisions"}],"wp:attachment":[{"href":"https:\/\/www.invarena.cz\/index.php?rest_route=%2Fwp%2Fv2%2Fmedia&parent=28955"}],"wp:term":[{"taxonomy":"category","embeddable":true,"href":"https:\/\/www.invarena.cz\/index.php?rest_route=%2Fwp%2Fv2%2Fcategories&post=28955"},{"taxonomy":"post_tag","embeddable":true,"href":"https:\/\/www.invarena.cz\/index.php?rest_route=%2Fwp%2Fv2%2Ftags&post=28955"}],"curies":[{"name":"wp","href":"https:\/\/api.w.org\/{rel}","templated":true}]}}