{"id":28959,"date":"2017-08-18T13:59:20","date_gmt":"2017-08-18T11:59:20","guid":{"rendered":"http:\/\/www.invarena.cz\/?p=28959"},"modified":"2017-08-18T14:02:15","modified_gmt":"2017-08-18T12:02:15","slug":"deti-s-hemofilii-na-rekondicnim-pobytu-v-belci","status":"publish","type":"post","link":"https:\/\/www.invarena.cz\/?p=28959","title":{"rendered":"D\u011bti s hemofili\u00ed na rekondi\u010dn\u00edm pobytu v B\u011bl\u010di"},"content":{"rendered":"<p><strong>Rekondi\u010dn\u00ed pobyt pro rodiny s d\u011btmi \u017eij\u00edc\u00edmi s hemofili\u00ed prob\u00edh\u00e1 od 12. do 19. srpna v letn\u00edm t\u00e1bo\u0159e J.A. Komensk\u00e9ho v B\u011bl\u010di nad Orlic\u00ed u Hradce Kr\u00e1lov\u00e9.<\/strong><!--more--><\/p>\n<p>Cel\u00fd \u010dl\u00e1nek <a href=\"http:\/\/hradecky.denik.cz\/z-regionu\/deti-s-hemofilii-na-rekondicnim-pobytu-v-belci-20170818.html\">ZDE<\/a><\/p>\n","protected":false},"excerpt":{"rendered":"<div class=\"mh-excerpt\"><p>Rekondi\u010dn\u00ed pobyt pro rodiny s d\u011btmi \u017eij\u00edc\u00edmi s hemofili\u00ed prob\u00edh\u00e1 od 12. do 19. srpna v letn\u00edm t\u00e1bo\u0159e J.A. Komensk\u00e9ho v B\u011bl\u010di nad Orlic\u00ed u <a class=\"mh-excerpt-more\" href=\"https:\/\/www.invarena.cz\/?p=28959\" title=\"D\u011bti s hemofili\u00ed na rekondi\u010dn\u00edm pobytu v B\u011bl\u010di\">[&#8230;]<\/a><\/p>\n<\/div>","protected":false},"author":1,"featured_media":14944,"comment_status":"open","ping_status":"closed","sticky":false,"template":"","format":"standard","meta":{"footnotes":""},"categories":[9],"tags":[],"class_list":["post-28959","post","type-post","status-publish","format-standard","has-post-thumbnail","hentry","category-zpravy"],"_links":{"self":[{"href":"https:\/\/www.invarena.cz\/index.php?rest_route=\/wp\/v2\/posts\/28959","targetHints":{"allow":["GET"]}}],"collection":[{"href":"https:\/\/www.invarena.cz\/index.php?rest_route=\/wp\/v2\/posts"}],"about":[{"href":"https:\/\/www.invarena.cz\/index.php?rest_route=\/wp\/v2\/types\/post"}],"author":[{"embeddable":true,"href":"https:\/\/www.invarena.cz\/index.php?rest_route=\/wp\/v2\/users\/1"}],"replies":[{"embeddable":true,"href":"https:\/\/www.invarena.cz\/index.php?rest_route=%2Fwp%2Fv2%2Fcomments&post=28959"}],"version-history":[{"count":0,"href":"https:\/\/www.invarena.cz\/index.php?rest_route=\/wp\/v2\/posts\/28959\/revisions"}],"wp:featuredmedia":[{"embeddable":true,"href":"https:\/\/www.invarena.cz\/index.php?rest_route=\/wp\/v2\/media\/14944"}],"wp:attachment":[{"href":"https:\/\/www.invarena.cz\/index.php?rest_route=%2Fwp%2Fv2%2Fmedia&parent=28959"}],"wp:term":[{"taxonomy":"category","embeddable":true,"href":"https:\/\/www.invarena.cz\/index.php?rest_route=%2Fwp%2Fv2%2Fcategories&post=28959"},{"taxonomy":"post_tag","embeddable":true,"href":"https:\/\/www.invarena.cz\/index.php?rest_route=%2Fwp%2Fv2%2Ftags&post=28959"}],"curies":[{"name":"wp","href":"https:\/\/api.w.org\/{rel}","templated":true}]}}