{"id":28980,"date":"2017-08-23T14:13:51","date_gmt":"2017-08-23T12:13:51","guid":{"rendered":"http:\/\/www.invarena.cz\/?p=28980"},"modified":"2017-08-23T14:13:51","modified_gmt":"2017-08-23T12:13:51","slug":"mesto-otrokovice-podporilo-dotaci-dobrovolnicke-centrum-adra","status":"publish","type":"post","link":"https:\/\/www.invarena.cz\/?p=28980","title":{"rendered":"M\u011bsto Otrokovice podpo\u0159ilo dotac\u00ed Dobrovolnick\u00e9 centrum ADRA"},"content":{"rendered":"<p><strong>Pades\u00e1titis\u00edcovou dotac\u00ed podpo\u0159ila otrokovick\u00e1 radnice \u010dinnost Dobrovolnick\u00e9ho centra ADRA. Rozhodli o tom \u010dlenov\u00e9 rady m\u011bsta. Organizace ADRA poskytuje v Otrokovic\u00edch dobrovolnickou slu\u017ebu ve \u010dty\u0159ech soci\u00e1ln\u00edch a zdravotn\u00edch za\u0159\u00edzen\u00edch.<\/strong><!--more--><\/p>\n<p>Cel\u00fd \u010dl\u00e1nek <a href=\"http:\/\/zlinsky.denik.cz\/zpravy_region\/mesto-otrokovice-podporilo-dotaci-dobrovolnicke-centrum-adra-20170822.html\">ZDE<\/a><\/p>\n","protected":false},"excerpt":{"rendered":"<div class=\"mh-excerpt\"><p>Pades\u00e1titis\u00edcovou dotac\u00ed podpo\u0159ila otrokovick\u00e1 radnice \u010dinnost Dobrovolnick\u00e9ho centra ADRA. Rozhodli o tom \u010dlenov\u00e9 rady m\u011bsta. Organizace ADRA poskytuje v Otrokovic\u00edch dobrovolnickou slu\u017ebu ve \u010dty\u0159ech soci\u00e1ln\u00edch <a class=\"mh-excerpt-more\" href=\"https:\/\/www.invarena.cz\/?p=28980\" title=\"M\u011bsto Otrokovice podpo\u0159ilo dotac\u00ed Dobrovolnick\u00e9 centrum ADRA\">[&#8230;]<\/a><\/p>\n<\/div>","protected":false},"author":1,"featured_media":25073,"comment_status":"open","ping_status":"closed","sticky":false,"template":"","format":"standard","meta":{"footnotes":""},"categories":[9],"tags":[],"class_list":["post-28980","post","type-post","status-publish","format-standard","has-post-thumbnail","hentry","category-zpravy"],"_links":{"self":[{"href":"https:\/\/www.invarena.cz\/index.php?rest_route=\/wp\/v2\/posts\/28980","targetHints":{"allow":["GET"]}}],"collection":[{"href":"https:\/\/www.invarena.cz\/index.php?rest_route=\/wp\/v2\/posts"}],"about":[{"href":"https:\/\/www.invarena.cz\/index.php?rest_route=\/wp\/v2\/types\/post"}],"author":[{"embeddable":true,"href":"https:\/\/www.invarena.cz\/index.php?rest_route=\/wp\/v2\/users\/1"}],"replies":[{"embeddable":true,"href":"https:\/\/www.invarena.cz\/index.php?rest_route=%2Fwp%2Fv2%2Fcomments&post=28980"}],"version-history":[{"count":0,"href":"https:\/\/www.invarena.cz\/index.php?rest_route=\/wp\/v2\/posts\/28980\/revisions"}],"wp:featuredmedia":[{"embeddable":true,"href":"https:\/\/www.invarena.cz\/index.php?rest_route=\/wp\/v2\/media\/25073"}],"wp:attachment":[{"href":"https:\/\/www.invarena.cz\/index.php?rest_route=%2Fwp%2Fv2%2Fmedia&parent=28980"}],"wp:term":[{"taxonomy":"category","embeddable":true,"href":"https:\/\/www.invarena.cz\/index.php?rest_route=%2Fwp%2Fv2%2Fcategories&post=28980"},{"taxonomy":"post_tag","embeddable":true,"href":"https:\/\/www.invarena.cz\/index.php?rest_route=%2Fwp%2Fv2%2Ftags&post=28980"}],"curies":[{"name":"wp","href":"https:\/\/api.w.org\/{rel}","templated":true}]}}