{"id":28993,"date":"2017-08-28T11:05:01","date_gmt":"2017-08-28T09:05:01","guid":{"rendered":"http:\/\/www.invarena.cz\/?p=28993"},"modified":"2017-08-28T11:05:01","modified_gmt":"2017-08-28T09:05:01","slug":"mam-bechterevovu-chorobu-mam-narok-na-prispevek-na-auto","status":"publish","type":"post","link":"https:\/\/www.invarena.cz\/?p=28993","title":{"rendered":"M\u00e1m becht\u011brevovu chorobu. M\u00e1m n\u00e1rok na p\u0159\u00edsp\u011bvek na auto?"},"content":{"rendered":"<p><strong>Dotaz:<\/strong><\/p>\n<p><strong>M\u00e1m 3. stupe\u0148 invalidn\u00edho d\u016fchodu. M\u00e1m becht\u011brevovu chorobu. Nem\u011bl jsem ale 5 let placen\u00e9 soci\u00e1ln\u00ed poji\u0161t\u011bn\u00ed a tak nem\u00e1m n\u00e1rok na starobn\u00ed d\u016fchod. Zb\u00fdv\u00e1 mi je\u0161t\u011b asi 13 m\u011bs\u00edc\u016f a tak mus\u00edm pracovat, i kdy\u017e je to pro mne velice t\u011b\u017ek\u00e9. Nejsem nep\u0159izp\u016fsobiv\u00fd ob\u010dan, abych dostal v\u0161echno. Ale chci se zeptat, zda nem\u00e1m alespo\u0148 n\u00e1rok na p\u0159\u00edsp\u011bvek na auto. Doj\u00ed\u017ed\u00edm do pr\u00e1ce ka\u017ed\u00fd den vlakem asi dv\u011b hodiny.<\/strong><br \/>\n<!--more--><br \/>\nOdpov\u011b\u010f:<\/p>\n<p>T\u00e9m\u011b\u0159 s jistotou lze \u0159\u00edci, \u017ee n\u00e1rok na p\u0159\u00edsp\u011bvek na po\u0159\u00edzen\u00ed motorov\u00e9ho vozidla nem\u00e1te. Ten v sou\u010dasn\u00e9 dob\u011b b\u00fdv\u00e1 p\u0159izn\u00e1n jen skute\u010dn\u011b velice t\u011b\u017ece t\u011blesn\u011b nebo ment\u00e1ln\u011b posti\u017een\u00fdm lidem. V\u011bt\u0161inou se jedn\u00e1 o lidi pohybuj\u00edc\u00ed se na invalidn\u00edch voz\u00edc\u00edch a ve v\u011bt\u0161in\u011b p\u0159\u00edpad\u016f jsou to lid\u00e9, kte\u0159\u00ed se neobejdou bez pomoci druh\u00e9 osoby.<\/p>\n<p>Nic ale nezkaz\u00edte t\u00edm, kdy\u017e si o p\u0159\u00edsp\u011bvek zkus\u00edte za\u017e\u00e1dat na sv\u00e9 pobo\u010dce \u00da\u0159adu pr\u00e1ce.<\/p>\n<p>Ji\u0159\u00ed Marek<br \/>\ninvArena<\/p>\n","protected":false},"excerpt":{"rendered":"<div class=\"mh-excerpt\"><p>Dotaz: M\u00e1m 3. stupe\u0148 invalidn\u00edho d\u016fchodu. M\u00e1m becht\u011brevovu chorobu. Nem\u011bl jsem ale 5 let placen\u00e9 soci\u00e1ln\u00ed poji\u0161t\u011bn\u00ed a tak nem\u00e1m n\u00e1rok na starobn\u00ed d\u016fchod. Zb\u00fdv\u00e1 <a class=\"mh-excerpt-more\" href=\"https:\/\/www.invarena.cz\/?p=28993\" title=\"M\u00e1m becht\u011brevovu chorobu. M\u00e1m n\u00e1rok na p\u0159\u00edsp\u011bvek na auto?\">[&#8230;]<\/a><\/p>\n<\/div>","protected":false},"author":3,"featured_media":12229,"comment_status":"open","ping_status":"closed","sticky":false,"template":"","format":"standard","meta":{"footnotes":""},"categories":[18,9],"tags":[],"class_list":["post-28993","post","type-post","status-publish","format-standard","has-post-thumbnail","hentry","category-poradna","category-zpravy"],"_links":{"self":[{"href":"https:\/\/www.invarena.cz\/index.php?rest_route=\/wp\/v2\/posts\/28993","targetHints":{"allow":["GET"]}}],"collection":[{"href":"https:\/\/www.invarena.cz\/index.php?rest_route=\/wp\/v2\/posts"}],"about":[{"href":"https:\/\/www.invarena.cz\/index.php?rest_route=\/wp\/v2\/types\/post"}],"author":[{"embeddable":true,"href":"https:\/\/www.invarena.cz\/index.php?rest_route=\/wp\/v2\/users\/3"}],"replies":[{"embeddable":true,"href":"https:\/\/www.invarena.cz\/index.php?rest_route=%2Fwp%2Fv2%2Fcomments&post=28993"}],"version-history":[{"count":0,"href":"https:\/\/www.invarena.cz\/index.php?rest_route=\/wp\/v2\/posts\/28993\/revisions"}],"wp:featuredmedia":[{"embeddable":true,"href":"https:\/\/www.invarena.cz\/index.php?rest_route=\/wp\/v2\/media\/12229"}],"wp:attachment":[{"href":"https:\/\/www.invarena.cz\/index.php?rest_route=%2Fwp%2Fv2%2Fmedia&parent=28993"}],"wp:term":[{"taxonomy":"category","embeddable":true,"href":"https:\/\/www.invarena.cz\/index.php?rest_route=%2Fwp%2Fv2%2Fcategories&post=28993"},{"taxonomy":"post_tag","embeddable":true,"href":"https:\/\/www.invarena.cz\/index.php?rest_route=%2Fwp%2Fv2%2Ftags&post=28993"}],"curies":[{"name":"wp","href":"https:\/\/api.w.org\/{rel}","templated":true}]}}