{"id":28996,"date":"2017-08-28T10:52:09","date_gmt":"2017-08-28T08:52:09","guid":{"rendered":"http:\/\/www.invarena.cz\/?p=28996"},"modified":"2017-08-28T10:52:09","modified_gmt":"2017-08-28T08:52:09","slug":"pardubicky-kraj-kemp-bunkov-se-stava-sportovnim-centrem-vozickaru-jake-nema-v-republice-obdoby","status":"publish","type":"post","link":"https:\/\/www.invarena.cz\/?p=28996","title":{"rendered":"Pardubick\u00fd kraj: Kemp Bu\u0148kov se st\u00e1v\u00e1 sportovn\u00edm centrem voz\u00ed\u010dk\u00e1\u0159\u016f, jak\u00e9 nem\u00e1 v republice obdoby"},"content":{"rendered":"<p><strong>I s podporou Pardubick\u00e9ho kraje se rozr\u016fstaj\u00ed spole\u010dn\u00e9 aktivity sdru\u017een\u00ed hendikepovan\u00fdch stoln\u00edch tenist\u016f ze spolku Nezlomeni, obce B\u0159ehy u P\u0159elou\u010de a Autokempu Bu\u0148kov. D\u00edky tomu zde u stejnojmenn\u00e9ho rybn\u00edka vzniklo z\u00e1zem\u00ed pro ubytov\u00e1n\u00ed velk\u00e9 skupiny voz\u00ed\u010dk\u00e1\u0159\u016f s doprovodem i pro jejich rekreaci, sportovn\u00ed vy\u017eit\u00ed a tak\u00e9 regul\u00e9rn\u00ed tr\u00e9nink.<\/strong><!--more--><\/p>\n<p>Cel\u00fd \u010dl\u00e1nek <a href=\"http:\/\/www.parlamentnilisty.cz\/zpravy\/tiskovezpravy\/Pardubicky-kraj-Kemp-Bunkov-se-stava-sportovnim-centrem-vozickaru-jake-nema-v-republice-obdoby-501570\">ZDE<\/a><\/p>\n","protected":false},"excerpt":{"rendered":"<div class=\"mh-excerpt\"><p>I s podporou Pardubick\u00e9ho kraje se rozr\u016fstaj\u00ed spole\u010dn\u00e9 aktivity sdru\u017een\u00ed hendikepovan\u00fdch stoln\u00edch tenist\u016f ze spolku Nezlomeni, obce B\u0159ehy u P\u0159elou\u010de a Autokempu Bu\u0148kov. D\u00edky tomu <a class=\"mh-excerpt-more\" href=\"https:\/\/www.invarena.cz\/?p=28996\" title=\"Pardubick\u00fd kraj: Kemp Bu\u0148kov se st\u00e1v\u00e1 sportovn\u00edm centrem voz\u00ed\u010dk\u00e1\u0159\u016f, jak\u00e9 nem\u00e1 v republice obdoby\">[&#8230;]<\/a><\/p>\n<\/div>","protected":false},"author":1,"featured_media":904,"comment_status":"open","ping_status":"closed","sticky":false,"template":"","format":"standard","meta":{"footnotes":""},"categories":[9],"tags":[],"class_list":["post-28996","post","type-post","status-publish","format-standard","has-post-thumbnail","hentry","category-zpravy"],"_links":{"self":[{"href":"https:\/\/www.invarena.cz\/index.php?rest_route=\/wp\/v2\/posts\/28996","targetHints":{"allow":["GET"]}}],"collection":[{"href":"https:\/\/www.invarena.cz\/index.php?rest_route=\/wp\/v2\/posts"}],"about":[{"href":"https:\/\/www.invarena.cz\/index.php?rest_route=\/wp\/v2\/types\/post"}],"author":[{"embeddable":true,"href":"https:\/\/www.invarena.cz\/index.php?rest_route=\/wp\/v2\/users\/1"}],"replies":[{"embeddable":true,"href":"https:\/\/www.invarena.cz\/index.php?rest_route=%2Fwp%2Fv2%2Fcomments&post=28996"}],"version-history":[{"count":0,"href":"https:\/\/www.invarena.cz\/index.php?rest_route=\/wp\/v2\/posts\/28996\/revisions"}],"wp:featuredmedia":[{"embeddable":true,"href":"https:\/\/www.invarena.cz\/index.php?rest_route=\/wp\/v2\/media\/904"}],"wp:attachment":[{"href":"https:\/\/www.invarena.cz\/index.php?rest_route=%2Fwp%2Fv2%2Fmedia&parent=28996"}],"wp:term":[{"taxonomy":"category","embeddable":true,"href":"https:\/\/www.invarena.cz\/index.php?rest_route=%2Fwp%2Fv2%2Fcategories&post=28996"},{"taxonomy":"post_tag","embeddable":true,"href":"https:\/\/www.invarena.cz\/index.php?rest_route=%2Fwp%2Fv2%2Ftags&post=28996"}],"curies":[{"name":"wp","href":"https:\/\/api.w.org\/{rel}","templated":true}]}}