{"id":29004,"date":"2017-08-29T12:24:58","date_gmt":"2017-08-29T10:24:58","guid":{"rendered":"http:\/\/www.invarena.cz\/?p=29004"},"modified":"2017-08-29T12:24:58","modified_gmt":"2017-08-29T10:24:58","slug":"zahradku-si-uzivaji-deti-i-seniori","status":"publish","type":"post","link":"https:\/\/www.invarena.cz\/?p=29004","title":{"rendered":"Zahr\u00e1dku si u\u017e\u00edvaj\u00ed d\u011bti i senio\u0159i"},"content":{"rendered":"<p><strong>Uprost\u0159ed Plzn\u011b spolu p\u011bstuje ovoce a zeleninu nejmlad\u0161\u00ed a nejstar\u0161\u00ed generace u\u017e t\u0159et\u00ed rok. Te\u010f se t\u011b\u0161\u00ed na brambory.<\/strong><br \/>\n<!--more--><br \/>\nPlze\u0148 \u2013 U\u017e t\u0159i roky funguje na terase Mezigenera\u010dn\u00edho a dobrovolnick\u00e9ho centra TOTEM v Plzni unik\u00e1tn\u00ed zahrada, o ni\u017e se staraj\u00ed d\u011bti ze 7. M\u0160 a senio\u0159i ze zdej\u0161\u00edho centra. Spole\u010dn\u011b vys\u00e9vaj\u00ed sem\u00ednka, spole\u010dn\u011b zal\u00e9vaj\u00ed, protrh\u00e1vaj\u00ed, ale tak\u00e9 spole\u010dn\u011b hoduj\u00ed.<\/p>\n<p>Na \u00fapln\u00e9m za\u010d\u00e1tku hledaly koordin\u00e1torky zahradni\u010den\u00ed ve m\u011bst\u011b mate\u0159skou \u0161kolku, kter\u00e1 umo\u017en\u00ed d\u011btem zahradnick\u00e9 chvilky mimo jejich \u0161kolku, a tak\u00e9 seniory, kte\u0159\u00ed pomohou u\u010dit d\u011bti v\u0161emu, co zahrada pot\u0159ebuje. Oboje se poda\u0159ilo.<\/p>\n<p>Ji\u017e t\u0159i roky, pond\u011bl\u00ed co pond\u011bl\u00ed, doch\u00e1z\u00ed do TOTEMu p\u0159ibli\u017en\u011b 25 d\u011bt\u00ed ve v\u011bku 3\u20136 let a skupina seniorsk\u00fdch dobrovoln\u00edk\u016f. Cestu do tohohle zahradnick\u00e9ho t\u00fdmu si na\u0161la i seniorka pan\u00ed Ji\u0159inka, kter\u00e1 je dlouhodob\u011b odk\u00e1zan\u00e1 na \u017eivot na invalidn\u00edm voz\u00edku. Zahrada ve vyv\u00fd\u0161en\u00fdch n\u00e1dob\u00e1ch a pond\u011bln\u00ed setk\u00e1n\u00ed s d\u011btmi j\u00ed nastartovaly novou \u017eivotn\u00ed etapu. Pan Vladim\u00edr, p\u0159esto\u017ee m\u00e1 svou vlastn\u00ed zahradu, se t\u011b\u0161\u00ed na ka\u017ed\u00e9 setk\u00e1n\u00ed, nab\u00eddne pomocnou ruku v\u0161ude, kde je t\u0159eba, a d\u011bti ho zbo\u017e\u0148uj\u00ed.<\/p>\n<p>Krom\u011b pr\u00e1ce maj\u00ed zahradn\u00edci za sebou ji\u017e mnoho ochutn\u00e1vek: \u0159edkvi\u010dky, \u0161pen\u00e1t, sal\u00e1t, hr\u00e1\u0161ek, jahody, mrkev, ryb\u00edz, raj\u010data. A t\u011b\u0161\u00ed se na podzimn\u00ed sklize\u0148 brambor.<\/p>\n<p>Letos se TOTEM sna\u017e\u00ed p\u0159esv\u011bd\u010dit i dal\u0161\u00ed lidi, \u017ee zahradni\u010dit se d\u00e1 i na balkonech a na okn\u011b, a uspo\u0159\u00e1dal n\u011bkolik zahradnick\u00fdch workshop\u016f zam\u011b\u0159en\u00fdch nap\u0159\u00edklad na p\u011bstov\u00e1n\u00ed na balkonech \u010di na p\u011bstov\u00e1n\u00ed tzv. minizeleniny a v\u00fdrobu smoothie koktejl\u016f z v\u00fdhonk\u016f rostlin.<\/p>\n<p>Plze\u0148sk\u00fd den\u00edk<br \/>\n<a href=\"http:\/\/plzensky.denik.cz\/\">http:\/\/plzensky.denik.cz\/<\/a><\/p>\n","protected":false},"excerpt":{"rendered":"<div class=\"mh-excerpt\"><p>Uprost\u0159ed Plzn\u011b spolu p\u011bstuje ovoce a zeleninu nejmlad\u0161\u00ed a nejstar\u0161\u00ed generace u\u017e t\u0159et\u00ed rok. Te\u010f se t\u011b\u0161\u00ed na brambory.<\/p>\n<\/div>","protected":false},"author":1,"featured_media":13781,"comment_status":"open","ping_status":"closed","sticky":false,"template":"","format":"standard","meta":{"footnotes":""},"categories":[7],"tags":[],"class_list":["post-29004","post","type-post","status-publish","format-standard","has-post-thumbnail","hentry","category-spolecnost"],"_links":{"self":[{"href":"https:\/\/www.invarena.cz\/index.php?rest_route=\/wp\/v2\/posts\/29004","targetHints":{"allow":["GET"]}}],"collection":[{"href":"https:\/\/www.invarena.cz\/index.php?rest_route=\/wp\/v2\/posts"}],"about":[{"href":"https:\/\/www.invarena.cz\/index.php?rest_route=\/wp\/v2\/types\/post"}],"author":[{"embeddable":true,"href":"https:\/\/www.invarena.cz\/index.php?rest_route=\/wp\/v2\/users\/1"}],"replies":[{"embeddable":true,"href":"https:\/\/www.invarena.cz\/index.php?rest_route=%2Fwp%2Fv2%2Fcomments&post=29004"}],"version-history":[{"count":0,"href":"https:\/\/www.invarena.cz\/index.php?rest_route=\/wp\/v2\/posts\/29004\/revisions"}],"wp:featuredmedia":[{"embeddable":true,"href":"https:\/\/www.invarena.cz\/index.php?rest_route=\/wp\/v2\/media\/13781"}],"wp:attachment":[{"href":"https:\/\/www.invarena.cz\/index.php?rest_route=%2Fwp%2Fv2%2Fmedia&parent=29004"}],"wp:term":[{"taxonomy":"category","embeddable":true,"href":"https:\/\/www.invarena.cz\/index.php?rest_route=%2Fwp%2Fv2%2Fcategories&post=29004"},{"taxonomy":"post_tag","embeddable":true,"href":"https:\/\/www.invarena.cz\/index.php?rest_route=%2Fwp%2Fv2%2Ftags&post=29004"}],"curies":[{"name":"wp","href":"https:\/\/api.w.org\/{rel}","templated":true}]}}