{"id":29075,"date":"2017-09-11T15:35:42","date_gmt":"2017-09-11T13:35:42","guid":{"rendered":"http:\/\/www.invarena.cz\/?p=29075"},"modified":"2017-09-11T15:35:42","modified_gmt":"2017-09-11T13:35:42","slug":"vodici-pes-a-nevidomy-clovek-oba-se-na-sebe-musi-spolehnout","status":"publish","type":"post","link":"https:\/\/www.invarena.cz\/?p=29075","title":{"rendered":"Vodic\u00ed pes a nevidom\u00fd \u010dlov\u011bk. Oba se na sebe mus\u00ed spolehnout"},"content":{"rendered":"<p><strong>V centru Hradce Kr\u00e1lov\u00e9 se v sobotu konalo u\u017e 34. mistrovstv\u00ed \u010cR vodic\u00edch ps\u016f. Sjeli se sem psi se sv\u00fdmi p\u00e1ny ze v\u0161ech kout\u016f zem\u011b.<\/strong><!--more--><\/p>\n<p>Hradec Kr\u00e1lov\u00e9 \u2013 Naj\u00edt dve\u0159e, schody, p\u0159echod, lavi\u010dku, p\u0159ev\u00e9st bezpe\u010dn\u011b p\u0159es silnici, vyhnout se p\u0159ek\u00e1\u017ek\u00e1m, podat spadl\u00e9 kl\u00ed\u010de nebo pen\u011b\u017eenku \u2013 to v\u0161e a je\u0161t\u011b mnohem v\u00edc mus\u00ed um\u011bt spr\u00e1vn\u011b vycvi\u010den\u00fd vodic\u00ed pes. Krom\u011b toho je i nenahraditeln\u00fdm par\u0165\u00e1kem a \u010dlenem rodiny.<\/p>\n<p>Psi, kte\u0159\u00ed se spolu se sv\u00fdmi p\u00e1ny z\u00fa\u010dastnili leto\u0161n\u00edho mistrovstv\u00ed, kter\u00e9 po\u0159\u00e1dala Sdru\u017een\u00e1 organizace nevidom\u00fdch a slabozrak\u00fdch, to v\u0161e zvl\u00e1dli na jedni\u010dku. Rozd\u00edl v bodov\u00e9m hodnocen\u00ed byl minim\u00e1ln\u00ed.<\/p>\n<p>&#8222;Vycvi\u010dit takov\u00e9ho pejska trv\u00e1 dva roky. U\u017e samotn\u00fd v\u00fdb\u011br \u0161t\u011bn\u011bte je d\u016fle\u017eit\u00fd, stejn\u011b jako obdob\u00ed, kdy se utu\u017euje vztah mezi psem a \u010dlov\u011bkem, aby ten pejsek v\u011bd\u011bl, \u017ee se na toho \u010dlov\u011bka v\u017edycky m\u016f\u017ee spolehnout,&#8220; \u0159\u00edk\u00e1 Milan Dvo\u0159\u00e1k ze \u0161koly pro v\u00fdcvik vodic\u00edch ps\u016f.<\/p>\n<p>Z \u010desk\u00fdch Bud\u011bjovic p\u0159ijela i pan\u00ed Martina a jej\u00ed fenka Amber. &#8222;Kdy\u017e pot\u0159ebuji n\u011bkam j\u00edt, tak se v\u0161ude dob\u0159e zorientuje. Hlavn\u011b je to ale moje rodina, m\u016fj kamar\u00e1d a pomocn\u00edk v jednom,&#8220; \u0159ekla t\u011bsn\u011b p\u0159ed z\u00e1vodem.<\/p>\n<p>&#8222;Moc d\u011bkujeme m\u011bstu Hradec Kr\u00e1lov\u00e9 za skv\u011blou podporu i technick\u00e9 z\u00e1zem\u00ed,&#8220; vzk\u00e1zali za po\u0159adatele Renata Moravcov\u00e1 a jej\u00ed &#8222;prav\u00e1 ruka&#8220; Petr Tojnar.<\/p>\n<p>Mistrovsk\u00fd titul si nakonec odvezli Miroslav Kaiser se psem Nelsonem z Varnsdorfu. &#8222;Jsem r\u00e1d, chv\u00edli jsem pochyboval, proto\u017ee Nelson ud\u011blal ob\u010das n\u011bjakou tu chybu, ale pak to dok\u00e1zal napravit,&#8220; dodal po z\u00e1vod\u011b. Jan Pako\u0161 z po\u0159\u00e1daj\u00edc\u00ed organizace SONS ho doplnil: &#8222;Z t\u011bch dvou se st\u00e1v\u00e1 pevn\u00fd svazek, a to pak dok\u00e1\u017ee \u010dlov\u011bku se zrakov\u00fdm posti\u017een\u00edm \u017eivot velmi usnadnit. Tady na t\u00e9 sout\u011b\u017ei se ukazuje nejenom n\u00e1m, ale i ve\u0159ejnosti, jak\u00e9 postaven\u00ed vodic\u00ed pes v \u017eivot\u011b lid\u00ed se zrakov\u00fdm posti\u017een\u00edm m\u00e1.&#8220;<\/p>\n<p>Hradeck\u00fd den\u00edk<br \/>\n<a href=\"http:\/\/hradecky.denik.cz\/\">http:\/\/hradecky.denik.cz\/<\/a><\/p>\n","protected":false},"excerpt":{"rendered":"<div class=\"mh-excerpt\"><p>V centru Hradce Kr\u00e1lov\u00e9 se v sobotu konalo u\u017e 34. mistrovstv\u00ed \u010cR vodic\u00edch ps\u016f. Sjeli se sem psi se sv\u00fdmi p\u00e1ny ze v\u0161ech kout\u016f zem\u011b.<\/p>\n<\/div>","protected":false},"author":1,"featured_media":14242,"comment_status":"open","ping_status":"closed","sticky":false,"template":"","format":"standard","meta":{"footnotes":""},"categories":[9],"tags":[],"class_list":["post-29075","post","type-post","status-publish","format-standard","has-post-thumbnail","hentry","category-zpravy"],"_links":{"self":[{"href":"https:\/\/www.invarena.cz\/index.php?rest_route=\/wp\/v2\/posts\/29075","targetHints":{"allow":["GET"]}}],"collection":[{"href":"https:\/\/www.invarena.cz\/index.php?rest_route=\/wp\/v2\/posts"}],"about":[{"href":"https:\/\/www.invarena.cz\/index.php?rest_route=\/wp\/v2\/types\/post"}],"author":[{"embeddable":true,"href":"https:\/\/www.invarena.cz\/index.php?rest_route=\/wp\/v2\/users\/1"}],"replies":[{"embeddable":true,"href":"https:\/\/www.invarena.cz\/index.php?rest_route=%2Fwp%2Fv2%2Fcomments&post=29075"}],"version-history":[{"count":0,"href":"https:\/\/www.invarena.cz\/index.php?rest_route=\/wp\/v2\/posts\/29075\/revisions"}],"wp:featuredmedia":[{"embeddable":true,"href":"https:\/\/www.invarena.cz\/index.php?rest_route=\/wp\/v2\/media\/14242"}],"wp:attachment":[{"href":"https:\/\/www.invarena.cz\/index.php?rest_route=%2Fwp%2Fv2%2Fmedia&parent=29075"}],"wp:term":[{"taxonomy":"category","embeddable":true,"href":"https:\/\/www.invarena.cz\/index.php?rest_route=%2Fwp%2Fv2%2Fcategories&post=29075"},{"taxonomy":"post_tag","embeddable":true,"href":"https:\/\/www.invarena.cz\/index.php?rest_route=%2Fwp%2Fv2%2Ftags&post=29075"}],"curies":[{"name":"wp","href":"https:\/\/api.w.org\/{rel}","templated":true}]}}