{"id":29079,"date":"2017-09-11T15:46:15","date_gmt":"2017-09-11T13:46:15","guid":{"rendered":"http:\/\/www.invarena.cz\/?p=29079"},"modified":"2017-09-11T15:46:15","modified_gmt":"2017-09-11T13:46:15","slug":"v-brode-bude-prvni-festival-socialnich-sluzeb","status":"publish","type":"post","link":"https:\/\/www.invarena.cz\/?p=29079","title":{"rendered":"V Brod\u011b bude prvn\u00ed festival soci\u00e1ln\u00edch slu\u017eeb"},"content":{"rendered":"<p><strong>Festival s n\u00e1zvem Bez bari\u00e9r jsme si bl\u00ed\u017e zapln\u00ed Havl\u00ed\u010dkovo n\u00e1m\u011bst\u00ed v p\u00e1tek 15. z\u00e1\u0159\u00ed. Festival odstartuje v dev\u011bt hodin r\u00e1no a potrv\u00e1 a\u017e do des\u00e1t\u00e9 hodiny ve\u010dern\u00ed.<\/strong> <!--more--><\/p>\n<p>Havl\u00ed\u010dk\u016fv Brod \u2013 &#8222;Akce je jedine\u010dn\u00e1 t\u00edm, \u017ee b\u011bhem jednoho dne nab\u00eddne na jednom m\u00edst\u011b kompletn\u00ed prezentaci soci\u00e1ln\u00edch slu\u017eeb p\u016fsob\u00edc\u00edch v Havl\u00ed\u010dkov\u011b Brod\u011b a jeho okol\u00ed,&#8220; okomentovala akci mluv\u010d\u00ed Oblastn\u00ed charity Havl\u00ed\u010dk\u016fv Brod Aneta Slav\u00edkov\u00e1.<\/p>\n<p>P\u0158EDSTAV\u00cd SOCI\u00c1LN\u00cd P\u00c9\u010cI V OKOL\u00cd<\/p>\n<p>Hlavn\u00edm c\u00edlem festivalu je osv\u011bta ve\u0159ejnosti v soci\u00e1ln\u00ed oblasti. Program n\u00e1v\u0161t\u011bvn\u00edk\u016fm p\u0159inese ucelen\u00fd p\u0159ehled o mo\u017enostech p\u00e9\u010de v okol\u00ed jeho bydli\u0161t\u011b a z\u00e1rove\u0148 porad\u00ed, jak se k soci\u00e1ln\u00ed pomoci sn\u00e1ze dostat.<\/p>\n<p>Organiz\u00e1to\u0159i z Oblastn\u00ed charity Havl\u00ed\u010dk\u016fv Brod a z\u00e1stupci soci\u00e1ln\u00edch slu\u017eeb na Havl\u00ed\u010dkobrodsku p\u0159iprav\u00ed aktivity, kter\u00e9 budou atraktivn\u00ed pro div\u00e1ky v\u0161ech v\u011bkov\u00fdch kategori\u00ed. B\u011bhem dne p\u0159edstav\u00ed na p\u00f3diu svou \u010dinnost pracovn\u00edci jeden\u00e1cti organizac\u00ed. Oblastn\u00ed charita Havl\u00ed\u010dk\u016fv Brod, Soci\u00e1ln\u00ed slu\u017eby m\u011bsta Havl\u00ed\u010dkova Brodu, Kolpingovo d\u00edlo \u010cesk\u00e9 republiky, Oblastn\u00ed charita T\u0159eb\u00ed\u010d, Centrum pro zdravotn\u011b posti\u017een\u00e9 Kraje Vyso\u010dina, Centrum J. J. Pestalozziho, Nemocnice Havl\u00ed\u010dk\u016fv Brod, FOKUS Vyso\u010dina, Domov pro seniory Havl\u00ed\u010dk\u016fv Brod, \u00dasvit \u2013 za\u0159\u00edzen\u00ed SPMP Havl\u00ed\u010dk\u016fv Brod nebo \u017divot 99 z Jihlavy.<\/p>\n<p>Hlavn\u00ed p\u00f3dium bude pat\u0159it tak\u00e9 zn\u00e1m\u00fdm hudebn\u00edk\u016fm. V jeden\u00e1ct hodin vystoup\u00ed mlad\u00fd p\u00edsni\u010dk\u00e1\u0159 Michal Hor\u00e1k, ve t\u0159i hodiny odpoledne doraz\u00ed akordeonov\u00fd orchestr Pohoda ze Z\u00e1kladn\u00ed um\u011bleck\u00e9 \u0161koly Havl\u00ed\u010dk\u016fv Brod, v sedm hodin ve\u010der se p\u0159edstav\u00ed p\u00edsni\u010dk\u00e1\u0159 Pavel Helan, zn\u00e1m\u00fd z televizn\u00ed sout\u011b\u017ee hledaj\u00edc\u00ed talenty a cel\u00fd program uzav\u0159e humpoleck\u00e1 kapela Spadla klec.<\/p>\n<p>B\u011bhem dne si n\u00e1v\u0161t\u011bvn\u00edci mohou u\u017e\u00edt i doprovodn\u00fd program. &#8222;Od deseti do p\u016fl \u0161est\u00e9 nachyst\u00e1me stanovi\u0161t\u011b se sout\u011b\u017eemi pro d\u011bti, za jejich\u017e spln\u011bn\u00ed dostanou p\u011bkn\u00e9 odm\u011bny,&#8220; prozradila Slav\u00edkov\u00e1. D\u00e1le uvedla, \u017ee ve stejnou dobu se ka\u017ed\u00fd n\u00e1v\u0161t\u011bvn\u00edk m\u016f\u017ee zapojit do pokusu o rekord a zaps\u00e1n\u00ed do Guinnessovy knihy rekord\u016f. O co p\u0159esn\u011b p\u016fjde, zat\u00edm neprozradila.<\/p>\n<p>Na n\u00e1m\u011bst\u00ed budou st\u00e1t st\u00e1nky s v\u00fdrobky z d\u00edlen soci\u00e1ln\u00edch slu\u017eeb, p\u0159ipraven\u00e1 bude i kav\u00e1rni\u010dka s workshopy a uk\u00e1zkami terapeutick\u00fdch aktivit a ve vestibulu knihovny si n\u00e1v\u0161t\u011bvn\u00edci mohou vyzkou\u0161et simul\u00e1tor schizofrenie. Centrum J. J. Pestalozziho p\u0159iveze opileck\u00e9 br\u00fdle a d\u011btsk\u00e9 n\u00e1v\u0161t\u011bvn\u00edky pot\u011b\u0161\u00ed sk\u00e1kac\u00ed hrad se skluzavkou nebo nafukovac\u00ed horolezeck\u00e1 st\u011bna.<\/p>\n<p>&#8222;Podrobn\u00fd program z\u00e1jemci mohou nal\u00e9zt na facebookov\u00e9 str\u00e1nce, a to pod n\u00e1zvem Festival soci\u00e1ln\u00edch slu\u017eeb,&#8220; dodala Aneta Slav\u00edkov\u00e1.<\/p>\n<p>Havl\u00ed\u010dkobrodsk\u00fd den\u00edk<br \/>\n<a href=\"http:\/\/havlickobrodsky.denik.cz\/\">http:\/\/havlickobrodsky.denik.cz\/<\/a><\/p>\n","protected":false},"excerpt":{"rendered":"<div class=\"mh-excerpt\"><p>Festival s n\u00e1zvem Bez bari\u00e9r jsme si bl\u00ed\u017e zapln\u00ed Havl\u00ed\u010dkovo n\u00e1m\u011bst\u00ed v p\u00e1tek 15. z\u00e1\u0159\u00ed. Festival odstartuje v dev\u011bt hodin r\u00e1no a potrv\u00e1 a\u017e do <a class=\"mh-excerpt-more\" href=\"https:\/\/www.invarena.cz\/?p=29079\" title=\"V Brod\u011b bude prvn\u00ed festival soci\u00e1ln\u00edch slu\u017eeb\">[&#8230;]<\/a><\/p>\n<\/div>","protected":false},"author":1,"featured_media":0,"comment_status":"open","ping_status":"closed","sticky":false,"template":"","format":"standard","meta":{"footnotes":""},"categories":[9],"tags":[],"class_list":["post-29079","post","type-post","status-publish","format-standard","hentry","category-zpravy"],"_links":{"self":[{"href":"https:\/\/www.invarena.cz\/index.php?rest_route=\/wp\/v2\/posts\/29079","targetHints":{"allow":["GET"]}}],"collection":[{"href":"https:\/\/www.invarena.cz\/index.php?rest_route=\/wp\/v2\/posts"}],"about":[{"href":"https:\/\/www.invarena.cz\/index.php?rest_route=\/wp\/v2\/types\/post"}],"author":[{"embeddable":true,"href":"https:\/\/www.invarena.cz\/index.php?rest_route=\/wp\/v2\/users\/1"}],"replies":[{"embeddable":true,"href":"https:\/\/www.invarena.cz\/index.php?rest_route=%2Fwp%2Fv2%2Fcomments&post=29079"}],"version-history":[{"count":0,"href":"https:\/\/www.invarena.cz\/index.php?rest_route=\/wp\/v2\/posts\/29079\/revisions"}],"wp:attachment":[{"href":"https:\/\/www.invarena.cz\/index.php?rest_route=%2Fwp%2Fv2%2Fmedia&parent=29079"}],"wp:term":[{"taxonomy":"category","embeddable":true,"href":"https:\/\/www.invarena.cz\/index.php?rest_route=%2Fwp%2Fv2%2Fcategories&post=29079"},{"taxonomy":"post_tag","embeddable":true,"href":"https:\/\/www.invarena.cz\/index.php?rest_route=%2Fwp%2Fv2%2Ftags&post=29079"}],"curies":[{"name":"wp","href":"https:\/\/api.w.org\/{rel}","templated":true}]}}