{"id":29102,"date":"2017-09-15T19:44:56","date_gmt":"2017-09-15T17:44:56","guid":{"rendered":"http:\/\/www.invarena.cz\/?p=29102"},"modified":"2017-09-15T19:44:56","modified_gmt":"2017-09-15T17:44:56","slug":"akce-den-senioru-zavita-postupne-do-8-mest","status":"publish","type":"post","link":"https:\/\/www.invarena.cz\/?p=29102","title":{"rendered":"Akce Den senior\u016f zav\u00edt\u00e1 postupn\u011b do 8 m\u011bst"},"content":{"rendered":"<p><strong>St\u00e1rnut\u00ed je doprov\u00e1zeno mnoha p\u0159edsudky, kter\u00e9 ho v\u011bt\u0161inou redukuj\u00ed na problematiku v\u00fd\u0161e starobn\u00edho d\u016fchodu. Dlouhodob\u011b se t\u00e9ma \u017eivota po \u0161edes\u00e1t\u00e9m roku v\u011bku a jeho dopad\u016f na spole\u010dnost jako celek odsouv\u00e1 na okraj z\u00e1jmu ve\u0159ejnosti. Zaj\u00edmat se o to, jak opravdu \u017eij\u00ed \u010de\u0161t\u00ed senio\u0159i, co je tr\u00e1p\u00ed a naopak bav\u00ed, a jak se na st\u00e1rnut\u00ed populace m\u016f\u017ee p\u0159ipravit st\u00e1t, prost\u011b nen\u00ed \u201eIN\u201c. MPSV proto u p\u0159\u00edle\u017eitosti Mezin\u00e1rodn\u00edho dne senior\u016f uspo\u0159\u00e1d\u00e1 seri\u00e1l akc\u00ed v osmi \u010desk\u00fdch a moravsk\u00fdch m\u011bstech, kter\u00e9 by m\u011bly p\u0159isp\u011bt k v\u011bt\u0161\u00ed osv\u011bt\u011b a informovanosti v t\u00e9to oblasti.<\/strong><br \/>\n<!--more--><br \/>\n\u201eN\u00e1v\u0161t\u011bvn\u00edci akc\u00ed se dozv\u011bd\u00ed, na co si d\u00e1t pozor v oblasti spot\u0159ebitelsk\u00fdch pr\u00e1v a ochrany p\u0159ed takzvan\u00fdmi \u0160mejdy, jak a kter\u00e9 soci\u00e1ln\u00ed slu\u017eby nejl\u00e9pe zvolit, aby se vyhnuli t\u011bm neregistrovan\u00fdm, jak se br\u00e1nit nezam\u011bstnanosti. Senio\u0159i dostanou informace pro situace, kdy\u017e jim hroz\u00ed nebezpe\u010d\u00ed zp\u016fsoben\u00e9 nap\u0159\u00edklad po\u017e\u00e1rem, nehodami nebo jak se mohou br\u00e1nit proti r\u016fzn\u00fdm form\u00e1m trestn\u00e9 \u010dinnosti,\u201c uvedla ministryn\u011b pr\u00e1ce a soci\u00e1ln\u00edch v\u011bc\u00ed Michaela Marksov\u00e1.<\/p>\n<p>Lid\u00e9 si budou si moci nechat zm\u011b\u0159it tlak a dostanou tipy, jak lze d\u00edky sportu a zdrav\u00e9mu \u017eivotn\u00edmu stylu, p\u0159edch\u00e1zet nap\u0159\u00edklad cukrovce a dal\u0161\u00edm civiliza\u010dn\u00edm nemoc\u00edm. Dozv\u011bd\u00ed se informace z oblasti soci\u00e1ln\u00edch d\u00e1vek nebo o zp\u016fsobu v\u00fdpo\u010dtu d\u016fchodu. Sou\u010d\u00e1st\u00ed akc\u00ed budou i tematicky zam\u011b\u0159en\u00e9 p\u0159edn\u00e1\u0161ky a hudebn\u00ed vystoupen\u00ed.<\/p>\n<p>Den senior\u016f za\u010dne 18. z\u00e1\u0159\u00ed a potrv\u00e1 a\u017e do 10. \u0159\u00edjna. Akce se bude konat postupn\u011b v Kladn\u011b, \u017d\u010f\u00e1ru nad S\u00e1zavou, Nov\u00e9m Ji\u010d\u00edn\u011b, Chrudimi, Jablonci nad Nisou, Praze, Vy\u0161kov\u011b a v Tachov\u011b. Za\u010d\u00ednat se bude v\u017edy od 14 hodin a kon\u010dit v 18 hodin. Cel\u00e1 roadshow nen\u00ed zam\u011b\u0159ena jen na osoby star\u0161\u00ed 55 let, ale v\u00edtan\u00e1 je cel\u00e1 ve\u0159ejnost, v\u010detn\u011b rodin s mal\u00fdmi d\u011btmi. Ministerstvo pr\u00e1ce na organizaci poskytne celkem 2 294 160 K\u010d. Pokud se seri\u00e1l akc\u00ed setk\u00e1 s pozitivn\u00ed odezvou, bude p\u0159\u00ed\u0161t\u00ed rok pokra\u010dovat ve v\u0161ech kraj\u00edch i v hlavn\u00edm m\u011bst\u011b Praze. P\u0159\u00ed\u0161t\u00ed rok by m\u011bla b\u00fdt tato akce tak\u00e9 propojena s celou \u0159adou debat a ud\u00e1lost\u00ed ur\u010den\u00fdch pro odbornou ve\u0159ejnost z oblasti politiky st\u00e1rnut\u00ed.<\/p>\n<p>Ministerstvo pr\u00e1ce tak navazuje na N\u00e1rodn\u00ed ak\u010dn\u00ed pl\u00e1n podporuj\u00edc\u00ed pozitivn\u00ed st\u00e1rnut\u00ed pro obdob\u00ed let 2013 a\u017e 2017, kter\u00fd ukl\u00e1d\u00e1 ministerstvu prov\u00e1d\u011bt osv\u011btu v oblasti politiky st\u00e1rnut\u00ed. Problematika st\u00e1rnut\u00ed se dlouhodob\u011b pot\u00fdk\u00e1 s n\u00edzkou osv\u011btou a s mnoha p\u0159edsudky, kter\u00e9 ji redukuj\u00ed na ot\u00e1zku po v\u00fd\u0161i a udr\u017eitelnosti starobn\u00edch d\u016fchod\u016f.<\/p>\n<p>Spole\u010dnost st\u00e1rne, v roce 2014 \u017eilo v \u010cR 1,9 milionu obyvatel ve v\u011bku 65 let a vy\u0161\u0161\u00edm, co\u017e p\u0159edstavuje 17,4 % populace. V roce 2030 to bude ji\u017e 27 % populace a v roce 2050 dokonce 40 %, to je p\u0159ibli\u017en\u011b 3,2 milionu osob star\u0161\u00edch 65 let.<\/p>\n<p>Den senior\u016f \u2013 p\u0159ehled a term\u00edny akc\u00ed<\/p>\n<p>Datum\/ Kraj\/ M\u011bsto\/ Adresa m\u00edsta kon\u00e1n\u00ed<\/p>\n<p>&#8211; 18.9.\/ St\u0159edn\u00ed \u010cechy\/ Kladno\/ D\u016fm Kultury, n\u00e1m. S\u00edtn\u00e1 3127<br \/>\n&#8211; 27.9.\/ Vyso\u010dina\/ \u017d\u010f\u00e1r nad S\u00e1zavou\/ Kino Vyso\u010dina, Brodsk\u00e1 1000\/2<br \/>\n&#8211; 3.10.\/ Pardubick\u00fd kraj\/ Chrudim\/ Chrudimsk\u00e1 beseda, \u0160irok\u00e1 85<br \/>\n&#8211; 5.10.\/ Moravskoslezsk\u00fd kraj\/ Nov\u00fd Ji\u010d\u00edn\/ Spole\u010densk\u00fd s\u00e1l Varroc, Suvorovova 195<br \/>\n&#8211; 6.10.\/ Libereck\u00fd kraj\/ Jablonec nad Nisou\/ Sokolovna, F\u00fcgnerova 1054\/5<br \/>\n&#8211; 16.10.\/ Praha\/ Praha\/ Kulturn\u00ed centrum Novodvorsk\u00e1, Novodvorsk\u00e1 256\/32<br \/>\n&#8211; 17.10.\/ Jihomoravsk\u00fd kraj\/ Vy\u0161kov\/ Sokolovna, n\u00e1m. Svobody 22\/17<br \/>\n&#8211; * Term\u00edn bude up\u0159esn\u011bn\/ Plze\u0148sk\u00fd kraj\/ Tachov\/ Spole\u010densk\u00fd are\u00e1l M\u017ee, Hornick\u00e1 1695<\/p>\n<p>Petr Hab\u00e1\u0148<br \/>\ntiskov\u00fd mluv\u010d\u00ed MPSV<\/p>\n","protected":false},"excerpt":{"rendered":"<div class=\"mh-excerpt\"><p>St\u00e1rnut\u00ed je doprov\u00e1zeno mnoha p\u0159edsudky, kter\u00e9 ho v\u011bt\u0161inou redukuj\u00ed na problematiku v\u00fd\u0161e starobn\u00edho d\u016fchodu. Dlouhodob\u011b se t\u00e9ma \u017eivota po \u0161edes\u00e1t\u00e9m roku v\u011bku a jeho dopad\u016f <a class=\"mh-excerpt-more\" href=\"https:\/\/www.invarena.cz\/?p=29102\" title=\"Akce Den senior\u016f zav\u00edt\u00e1 postupn\u011b do 8 m\u011bst\">[&#8230;]<\/a><\/p>\n<\/div>","protected":false},"author":1,"featured_media":14571,"comment_status":"open","ping_status":"closed","sticky":false,"template":"","format":"standard","meta":{"footnotes":""},"categories":[9],"tags":[],"class_list":["post-29102","post","type-post","status-publish","format-standard","has-post-thumbnail","hentry","category-zpravy"],"_links":{"self":[{"href":"https:\/\/www.invarena.cz\/index.php?rest_route=\/wp\/v2\/posts\/29102","targetHints":{"allow":["GET"]}}],"collection":[{"href":"https:\/\/www.invarena.cz\/index.php?rest_route=\/wp\/v2\/posts"}],"about":[{"href":"https:\/\/www.invarena.cz\/index.php?rest_route=\/wp\/v2\/types\/post"}],"author":[{"embeddable":true,"href":"https:\/\/www.invarena.cz\/index.php?rest_route=\/wp\/v2\/users\/1"}],"replies":[{"embeddable":true,"href":"https:\/\/www.invarena.cz\/index.php?rest_route=%2Fwp%2Fv2%2Fcomments&post=29102"}],"version-history":[{"count":0,"href":"https:\/\/www.invarena.cz\/index.php?rest_route=\/wp\/v2\/posts\/29102\/revisions"}],"wp:featuredmedia":[{"embeddable":true,"href":"https:\/\/www.invarena.cz\/index.php?rest_route=\/wp\/v2\/media\/14571"}],"wp:attachment":[{"href":"https:\/\/www.invarena.cz\/index.php?rest_route=%2Fwp%2Fv2%2Fmedia&parent=29102"}],"wp:term":[{"taxonomy":"category","embeddable":true,"href":"https:\/\/www.invarena.cz\/index.php?rest_route=%2Fwp%2Fv2%2Fcategories&post=29102"},{"taxonomy":"post_tag","embeddable":true,"href":"https:\/\/www.invarena.cz\/index.php?rest_route=%2Fwp%2Fv2%2Ftags&post=29102"}],"curies":[{"name":"wp","href":"https:\/\/api.w.org\/{rel}","templated":true}]}}