{"id":29103,"date":"2017-09-15T19:32:50","date_gmt":"2017-09-15T17:32:50","guid":{"rendered":"http:\/\/www.invarena.cz\/?p=29103"},"modified":"2017-09-15T19:32:50","modified_gmt":"2017-09-15T17:32:50","slug":"mam-sarkoidozu-mohla-bych-mit-narok-na-prispevek-na-auto","status":"publish","type":"post","link":"https:\/\/www.invarena.cz\/?p=29103","title":{"rendered":"M\u00e1m sarkoid\u00f3zu. Mohla bych m\u00edt n\u00e1rok na p\u0159\u00edsp\u011bvek na auto?"},"content":{"rendered":"<p><strong>Dotaz:<\/strong><br \/>\n<strong> M\u00e1m sarkoid\u00f3zu III stupn\u011b a byl mi uzn\u00e1n pln\u00fd invalidn\u00ed d\u016fchod. Chci se zeptat, jestli bych mohla m\u00edt n\u00e1rok na p\u0159\u00edsp\u011bvek na auto?<\/strong><br \/>\n<!--more--><br \/>\nOdpov\u011b\u010f:<\/p>\n<p>Bohu\u017eel bl\u00ed\u017ee nespecifikujete sv\u00e9 posti\u017een\u00ed. Vzhledem k tomu, \u017ee sarkoid\u00f3za m\u016f\u017ee postihovat prakticky jak\u00fdkoli org\u00e1n v t\u011ble, nejsem V\u00e1m schopen \u0159\u00edci, zda n\u00e1rok na p\u0159\u00edsp\u011bvek na po\u0159\u00edzen\u00ed motorov\u00e9ho vozidla m\u00e1te \u010di ne.<\/p>\n<p>Rozhodn\u011b ale nic nezkaz\u00edte, kdy\u017e si o p\u0159\u00edsp\u011bvek zkus\u00edte za\u017e\u00e1dat na sv\u00e9 pobo\u010dce \u00da\u0159adu pr\u00e1ce. Kone\u010dn\u00e9 rozhodnut\u00ed toti\u017e v\u017edy je na L\u00e9ka\u0159sk\u00e9 posudkov\u00e9 slu\u017eb\u011b \u010cSSZ, kter\u00e1 rozhodne na z\u00e1klad\u011b zdravotn\u00ed dokumentace zaslan\u00e9 Va\u0161\u00edm o\u0161et\u0159uj\u00edc\u00edm l\u00e9ka\u0159em.<\/p>\n<p>Pro \u00faplnost uv\u00e1d\u00edm, kdo m\u00e1 v sou\u010dasn\u00e9 dob\u011b n\u00e1rok na p\u0159\u00edsp\u011bvek na po\u0159\u00edzen\u00ed motorov\u00e9ho vozidla:<\/p>\n<p>\u201eN\u00e1rok na p\u0159\u00edsp\u011bvek na zvl\u00e1\u0161tn\u00ed pom\u016fcku poskytovan\u00fd na po\u0159\u00edzen\u00ed motorov\u00e9ho vozidla m\u00e1 osoba, kter\u00e1 m\u00e1 t\u011b\u017ekou vadu nosn\u00e9ho nebo pohybov\u00e9ho \u00fastroj\u00ed anebo t\u011b\u017ekou nebo hlubokou ment\u00e1ln\u00ed retardaci charakteru dlouhodob\u011b nep\u0159\u00edzniv\u00e9ho zdravotn\u00edho stavu, a jej\u00ed zdravotn\u00ed stav nevylu\u010duje p\u0159izn\u00e1n\u00ed tohoto p\u0159\u00edsp\u011bvku.\u201c<\/p>\n<p>Ji\u0159\u00ed Marek<br \/>\ninvArena<\/p>\n","protected":false},"excerpt":{"rendered":"<div class=\"mh-excerpt\"><p>Dotaz: M\u00e1m sarkoid\u00f3zu III stupn\u011b a byl mi uzn\u00e1n pln\u00fd invalidn\u00ed d\u016fchod. Chci se zeptat, jestli bych mohla m\u00edt n\u00e1rok na p\u0159\u00edsp\u011bvek na auto?<\/p>\n<\/div>","protected":false},"author":3,"featured_media":16377,"comment_status":"open","ping_status":"closed","sticky":false,"template":"","format":"standard","meta":{"footnotes":""},"categories":[18],"tags":[],"class_list":["post-29103","post","type-post","status-publish","format-standard","has-post-thumbnail","hentry","category-poradna"],"_links":{"self":[{"href":"https:\/\/www.invarena.cz\/index.php?rest_route=\/wp\/v2\/posts\/29103","targetHints":{"allow":["GET"]}}],"collection":[{"href":"https:\/\/www.invarena.cz\/index.php?rest_route=\/wp\/v2\/posts"}],"about":[{"href":"https:\/\/www.invarena.cz\/index.php?rest_route=\/wp\/v2\/types\/post"}],"author":[{"embeddable":true,"href":"https:\/\/www.invarena.cz\/index.php?rest_route=\/wp\/v2\/users\/3"}],"replies":[{"embeddable":true,"href":"https:\/\/www.invarena.cz\/index.php?rest_route=%2Fwp%2Fv2%2Fcomments&post=29103"}],"version-history":[{"count":0,"href":"https:\/\/www.invarena.cz\/index.php?rest_route=\/wp\/v2\/posts\/29103\/revisions"}],"wp:featuredmedia":[{"embeddable":true,"href":"https:\/\/www.invarena.cz\/index.php?rest_route=\/wp\/v2\/media\/16377"}],"wp:attachment":[{"href":"https:\/\/www.invarena.cz\/index.php?rest_route=%2Fwp%2Fv2%2Fmedia&parent=29103"}],"wp:term":[{"taxonomy":"category","embeddable":true,"href":"https:\/\/www.invarena.cz\/index.php?rest_route=%2Fwp%2Fv2%2Fcategories&post=29103"},{"taxonomy":"post_tag","embeddable":true,"href":"https:\/\/www.invarena.cz\/index.php?rest_route=%2Fwp%2Fv2%2Ftags&post=29103"}],"curies":[{"name":"wp","href":"https:\/\/api.w.org\/{rel}","templated":true}]}}