{"id":29104,"date":"2017-09-15T19:11:42","date_gmt":"2017-09-15T17:11:42","guid":{"rendered":"http:\/\/www.invarena.cz\/?p=29104"},"modified":"2017-09-15T19:11:42","modified_gmt":"2017-09-15T17:11:42","slug":"potrebuji-nove-prostory","status":"publish","type":"post","link":"https:\/\/www.invarena.cz\/?p=29104","title":{"rendered":"Pot\u0159ebuj\u00ed nov\u00e9 prostory"},"content":{"rendered":"<p><strong>St\u0159\u00edbrsk\u00e1 organizace zdravotn\u011b posti\u017een\u00fdch se s lety sv\u00e9 \u010dinnosti st\u00e1le rozr\u016fst\u00e1. Nyn\u00ed je v organizaci celkem 92 \u010dlen\u016f, p\u0159eva\u017euj\u00ed \u017eeny a jde p\u0159ev\u00e1\u017en\u011b o lidi v seniorsk\u00e9m v\u011bku. Svaz m\u00e1 ale jeden velk\u00fd probl\u00e9m, se kter\u00fdm se u\u017e n\u011bjakou dobu sna\u017e\u00ed vypo\u0159\u00e1dat.<\/strong> <!--more--><\/p>\n<p>St\u0159\u00edbro \u2013 &#8222;Nem\u00e1me vlastn\u00ed spolkov\u00e9 prostory, kde bychom m\u011bli sv\u00e9 z\u00e1zem\u00ed, mohli t\u0159eba p\u0159ipravit lehk\u00e9 ob\u010derstven\u00ed. V\u0161ichni \u010dlenov\u00e9 na tom nejsou zdravotn\u011b tak, aby mohli jezdit na v\u00fdlety, ale uv\u00edtali by setk\u00e1v\u00e1n\u00ed s ostatn\u00edmi, aby, jak se \u0159\u00edk\u00e1, p\u0159i\u0161li mezi lidi,&#8220; sd\u011blila p\u0159edsedkyn\u011b Ji\u0159ina Hrub\u00e1.<\/p>\n<p>Jak d\u00e1le p\u0159edsedkyn\u011b dod\u00e1v\u00e1, \u010dlenov\u00e9 spolku se rozhodn\u011b nenud\u00ed. &#8222;Jsme v m\u00edstn\u00ed organizaci aktivn\u00ed a m\u00e1me \u010dlen\u016fm co nab\u00eddnout. Po\u0159\u00e1d\u00e1me pro n\u011b ozdravn\u00e9 pobyty, z\u00e1jezdy po pam\u00e1tk\u00e1ch, pro zlep\u0161en\u00ed kondice a za pozn\u00e1n\u00edm \u010dlenov\u00e9 podnikaj\u00ed lehkou turistiku po m\u011bst\u011b a okol\u00ed. Spole\u010dn\u011b nav\u0161t\u011bvuj\u00ed divadeln\u00ed p\u0159edstaven\u00ed, koncerty a v\u00fdstavy. D\u016fle\u017eitou slo\u017ekou \u010dinnosti je u n\u00e1s tak\u00e9 p\u0159edn\u00e1\u0161kov\u00e1 \u010dinnost jak o zdravotn\u00ed problematice, tak t\u0159eba o pr\u00e1vech a n\u00e1roc\u00edch zdravotn\u011b posti\u017een\u00fdch. A m\u00e1me i spoustu dal\u0161\u00edch n\u00e1pad\u016f.&#8220;<\/p>\n<p>Je z\u0159ejm\u00e9, \u017ee by si st\u0159\u00edbrsk\u00e1 organizace zdravotn\u011b posti\u017een\u00fdch opravdu nov\u00e9 prostory zaslou\u017eila. S t\u00edmto pl\u00e1nem se z\u00e1stupci obr\u00e1tili jak na sen\u00e1tora V\u00e1clava Votavu, tak p\u0159edev\u0161\u00edm na veden\u00ed m\u011bsta. &#8222;M\u011bsto n\u00e1m sice vych\u00e1z\u00ed vst\u0159\u00edc s p\u016fj\u010dov\u00e1n\u00edm prostor na radnici, ale ty nejsou vhodn\u00e9 na v\u0161echny volno\u010dasov\u00e9 aktivity. Ale v\u011b\u0159\u00edm, \u017ee se \u0159e\u0161en\u00ed najde,&#8220; d\u00e1le poznamenala Hrub\u00e1.<\/p>\n<p>Z\u00e1stupci m\u011bsta samoz\u0159ejm\u011b nejsou k v\u011bci lhostejn\u00ed. Jak ale vysv\u011btlil starosta Karel Luke\u0161, z\u00e1le\u017eitost nen\u00ed zcela jednoduch\u00e1. &#8222;M\u00e1me zde n\u011bkolik podobn\u00fdch skupin a v\u0161em se sna\u017e\u00edme vyj\u00edt vst\u0159\u00edc. Co se prostor\u016f t\u00fd\u010de, ur\u010dit\u011b by se n\u011bjak\u00e9 na\u0161ly, ale jde o to, zda by je organizace vyu\u017e\u00edvala n\u00e1razov\u011b, nebo nap\u0159\u00edklad ka\u017ed\u00fd den. V tomto ohledu by mohl poslou\u017eit i kulturn\u00ed d\u016fm. V\u0161e by ale z\u00e1le\u017eelo na domluv\u011b. Ur\u010dit\u011b se touto z\u00e1le\u017eitost\u00ed budeme zab\u00fdvat,&#8220; \u0159ekl st\u0159\u00edbrsk\u00fd starosta.<\/p>\n<p>MARTINA SIHELSK\u00c1<br \/>\nTachovsk\u00fd den\u00edk<br \/>\n<a href=\"http:\/\/tachovsky.denik.cz\/\">http:\/\/tachovsky.denik.cz\/<\/a><\/p>\n","protected":false},"excerpt":{"rendered":"<div class=\"mh-excerpt\"><p>St\u0159\u00edbrsk\u00e1 organizace zdravotn\u011b posti\u017een\u00fdch se s lety sv\u00e9 \u010dinnosti st\u00e1le rozr\u016fst\u00e1. Nyn\u00ed je v organizaci celkem 92 \u010dlen\u016f, p\u0159eva\u017euj\u00ed \u017eeny a jde p\u0159ev\u00e1\u017en\u011b o lidi <a class=\"mh-excerpt-more\" href=\"https:\/\/www.invarena.cz\/?p=29104\" title=\"Pot\u0159ebuj\u00ed nov\u00e9 prostory\">[&#8230;]<\/a><\/p>\n<\/div>","protected":false},"author":1,"featured_media":0,"comment_status":"open","ping_status":"closed","sticky":false,"template":"","format":"standard","meta":{"footnotes":""},"categories":[9],"tags":[],"class_list":["post-29104","post","type-post","status-publish","format-standard","hentry","category-zpravy"],"_links":{"self":[{"href":"https:\/\/www.invarena.cz\/index.php?rest_route=\/wp\/v2\/posts\/29104","targetHints":{"allow":["GET"]}}],"collection":[{"href":"https:\/\/www.invarena.cz\/index.php?rest_route=\/wp\/v2\/posts"}],"about":[{"href":"https:\/\/www.invarena.cz\/index.php?rest_route=\/wp\/v2\/types\/post"}],"author":[{"embeddable":true,"href":"https:\/\/www.invarena.cz\/index.php?rest_route=\/wp\/v2\/users\/1"}],"replies":[{"embeddable":true,"href":"https:\/\/www.invarena.cz\/index.php?rest_route=%2Fwp%2Fv2%2Fcomments&post=29104"}],"version-history":[{"count":0,"href":"https:\/\/www.invarena.cz\/index.php?rest_route=\/wp\/v2\/posts\/29104\/revisions"}],"wp:attachment":[{"href":"https:\/\/www.invarena.cz\/index.php?rest_route=%2Fwp%2Fv2%2Fmedia&parent=29104"}],"wp:term":[{"taxonomy":"category","embeddable":true,"href":"https:\/\/www.invarena.cz\/index.php?rest_route=%2Fwp%2Fv2%2Fcategories&post=29104"},{"taxonomy":"post_tag","embeddable":true,"href":"https:\/\/www.invarena.cz\/index.php?rest_route=%2Fwp%2Fv2%2Ftags&post=29104"}],"curies":[{"name":"wp","href":"https:\/\/api.w.org\/{rel}","templated":true}]}}