{"id":29105,"date":"2017-09-15T19:16:00","date_gmt":"2017-09-15T17:16:00","guid":{"rendered":"http:\/\/www.invarena.cz\/?p=29105"},"modified":"2017-09-15T19:16:00","modified_gmt":"2017-09-15T17:16:00","slug":"bezci-v-husovych-sadech-zitra-podpori-tynku","status":"publish","type":"post","link":"https:\/\/www.invarena.cz\/?p=29105","title":{"rendered":"B\u011b\u017eci v Husov\u00fdch sadech z\u00edtra podpo\u0159\u00ed T\u00fdnku"},"content":{"rendered":"<p><strong>Skupina Spartan Race Training Group Rokycany po\u0159\u00e1d\u00e1 z\u00edtra v Husov\u00fdch sadech charitativn\u00ed b\u011bh pro T\u00fdnku.<\/strong> <!--more--><\/p>\n<p>Rokycany \u2013 Za\u010d\u00e1tek je pl\u00e1novan\u00fd na patn\u00e1ctou hodinu. Pro ka\u017ed\u00e9ho \u00fa\u010dastn\u00edka je p\u0159ipraven\u00e1 v c\u00edli medaile a tri\u010dko, nav\u00edc se z p\u0159ihl\u00e1\u0161en\u00fdch z\u00e1jemc\u016f vylosuje v\u00fdherce voln\u00e9ho vstupu na Spartan Race.<\/p>\n<p>A pro\u010d pr\u00e1v\u011b pro Krist\u00fdnku? Zhruba t\u0159i m\u011bs\u00edce po narozen\u00ed byla d\u011bv\u010d\u00e1tku zji\u0161t\u011bna vz\u00e1cn\u00e1 vrozen\u00e1 vada. Aniridie je charakterizovan\u00e1 nevyvinutou duhovkou na obou o\u010d\u00edch. S touto vrozenou vadou je z\u0159ejm\u011b jedin\u00e1 v Evrop\u011b. Krist\u00fdna t\u00e9\u017e velmi siln\u011b \u0161ilhala, ale to zvl\u00e1dli l\u00e9ka\u0159i operativn\u011b napravit. Krom\u011b t\u011bchto hendikep\u016f m\u00e1 i horizont\u00e1ln\u00ed nystagmus (t\u011bk\u00e1n\u00ed o\u010d\u00ed ze strany na stranu) a p\u0159i vy\u0161et\u0159en\u00ed v dev\u00edti m\u011bs\u00edc\u00edch byl zji\u0161t\u011bn\u00fd zelen\u00fd z\u00e1kal. Chyb\u011bj\u00edc\u00ed duhovka m\u00e1 za n\u00e1sledek \u0161patn\u00e9 zaost\u0159ov\u00e1n\u00ed, T\u00fdnka tedy nos\u00ed siln\u00e9 br\u00fdle. Nav\u0161t\u011bvuje speci\u00e1ln\u00ed \u0161kolu pro zrakov\u011b posti\u017een\u00e9 v Plzni, kde m\u00e1 k dispozici kamerovou lupu. P\u0159ed t\u0159emi lety se p\u0159idal \u0161ed\u00fd z\u00e1kal, kter\u00fd j\u00ed byl z lev\u00e9ho oka odoperovan\u00fd. Nyn\u00ed \u010dek\u00e1 T\u00fdnku operace prav\u00e9ho oka, proto\u017ee z\u00e1kal je v takov\u00e9m stadiu, \u017ee na oko t\u00e9m\u011b\u0159 nevid\u00ed, a do\u010di\u0161t\u011bn\u00ed lev\u00e9ho oka.<\/p>\n<p>&#8222;Poj\u010fte pomoci dobr\u00e9 v\u011bci. Tra\u0165 je dlouh\u00e1 p\u011bt kilometr\u016f,&#8220; vzkazuj\u00ed organiz\u00e1to\u0159i.<\/p>\n<p>JANA VAN\u00cdKOV\u00c1<br \/>\nRokycansk\u00fd den\u00edk<br \/>\n<a href=\"http:\/\/rokycansky.denik.cz\/\">http:\/\/rokycansky.denik.cz\/<\/a><\/p>\n","protected":false},"excerpt":{"rendered":"<div class=\"mh-excerpt\"><p>Skupina Spartan Race Training Group Rokycany po\u0159\u00e1d\u00e1 z\u00edtra v Husov\u00fdch sadech charitativn\u00ed b\u011bh pro T\u00fdnku.<\/p>\n<\/div>","protected":false},"author":1,"featured_media":0,"comment_status":"open","ping_status":"closed","sticky":false,"template":"","format":"standard","meta":{"footnotes":""},"categories":[9],"tags":[],"class_list":["post-29105","post","type-post","status-publish","format-standard","hentry","category-zpravy"],"_links":{"self":[{"href":"https:\/\/www.invarena.cz\/index.php?rest_route=\/wp\/v2\/posts\/29105","targetHints":{"allow":["GET"]}}],"collection":[{"href":"https:\/\/www.invarena.cz\/index.php?rest_route=\/wp\/v2\/posts"}],"about":[{"href":"https:\/\/www.invarena.cz\/index.php?rest_route=\/wp\/v2\/types\/post"}],"author":[{"embeddable":true,"href":"https:\/\/www.invarena.cz\/index.php?rest_route=\/wp\/v2\/users\/1"}],"replies":[{"embeddable":true,"href":"https:\/\/www.invarena.cz\/index.php?rest_route=%2Fwp%2Fv2%2Fcomments&post=29105"}],"version-history":[{"count":0,"href":"https:\/\/www.invarena.cz\/index.php?rest_route=\/wp\/v2\/posts\/29105\/revisions"}],"wp:attachment":[{"href":"https:\/\/www.invarena.cz\/index.php?rest_route=%2Fwp%2Fv2%2Fmedia&parent=29105"}],"wp:term":[{"taxonomy":"category","embeddable":true,"href":"https:\/\/www.invarena.cz\/index.php?rest_route=%2Fwp%2Fv2%2Fcategories&post=29105"},{"taxonomy":"post_tag","embeddable":true,"href":"https:\/\/www.invarena.cz\/index.php?rest_route=%2Fwp%2Fv2%2Ftags&post=29105"}],"curies":[{"name":"wp","href":"https:\/\/api.w.org\/{rel}","templated":true}]}}