{"id":29106,"date":"2017-09-15T19:21:08","date_gmt":"2017-09-15T17:21:08","guid":{"rendered":"http:\/\/www.invarena.cz\/?p=29106"},"modified":"2017-09-15T19:21:08","modified_gmt":"2017-09-15T17:21:08","slug":"koralky-a-barvy-pomahaji-nevidomym-v-kuchyni","status":"publish","type":"post","link":"https:\/\/www.invarena.cz\/?p=29106","title":{"rendered":"Kor\u00e1lky a barvy pom\u00e1haj\u00ed nevidom\u00fdm v kuchyni"},"content":{"rendered":"<p><strong>V republice m\u00e1me ji\u017e \u010dty\u0159i kuchyn\u011b pro nevidom\u00e9. Jedna z nich je v \u010cesk\u00fdch Bud\u011bjovic\u00edch. V jin\u00fdch zem\u00edch Evropy nejsou.<\/strong> <!--more--><\/p>\n<p>\u010cesk\u00e9 Bud\u011bjovice \u2013 Kdy\u017e si nevidom\u00fd nebo slabozrak\u00fd nal\u00e9v\u00e1 \u010daj, m\u016f\u017ee hrn\u00ed\u010dek p\u0159el\u00edt a opa\u0159it se. V nov\u00e9 kuchyni vytvo\u0159en\u00e9 pro spole\u010dnost Tyflosevis jsou v\u0161ak vychyt\u00e1vky, kter\u00e9 t\u011bmto nehod\u00e1m m\u016f\u017eou zabr\u00e1nit. Nap\u0159\u00edklad za\u0159\u00edzen\u00ed, kter\u00e9 se nasune na okraj hrn\u00ed\u010dku, zap\u00edp\u00e1, kdy\u017e je tekutina asi centimetr pod okrajem. Slabozrak\u00fd Ji\u0159\u00ed Holzinger si tak bez probl\u00e9mu nalil \u010daj.<\/p>\n<p>V Evrop\u011b jsou zat\u00edm takov\u00e9 kuchyn\u011b \u010dty\u0159i a v\u0161echny u n\u00e1s v \u010cesk\u00e9 republice. Ve st\u0159edu se slavnostn\u011b p\u0159est\u0159ihla p\u00e1ska u t\u00e9 \u010dtvrt\u00e9, kter\u00e1 je nov\u011b otev\u0159ena v \u010cesk\u00fdch Bud\u011bjovic\u00edch. Naj\u00edt v n\u00ed m\u016f\u017eeme nap\u0159\u00edklad speci\u00e1ln\u011b upraven\u00e9 trouby, varn\u00e9 desky nebo mikrovlny.<\/p>\n<p>Design\u00e9rka Veronika Lou\u0161ovsk\u00e1 na tyto spot\u0159ebi\u010de nalepila kor\u00e1lky, kter\u00e9 pomohou nevidom\u00fdm a slabozrak\u00fdm lidem se l\u00e9pe orientovat v nastaven\u00ed teplotn\u00edch nebo \u010dasov\u00fdch kole\u010dek. D\u016fle\u017eit\u00fd je tak\u00e9 barevn\u00fd kontrast kuchyn\u011b. Veronika Lou\u0161ovsk\u00e1 v\u0161ak vysv\u011btluje, \u017ee kontrast nespo\u010d\u00edv\u00e1 v tom, \u017ee jedna sk\u0159\u00ed\u0148ka je b\u00edl\u00e1 a druh\u00e1 \u010dern\u00e1, jak se n\u011bkdy lid\u00e9 myln\u011b domn\u00edvaj\u00ed: &#8222;Kontrast mus\u00ed pom\u00e1hat lidem pochopit ten prostor, aby ho dok\u00e1zali obs\u00e1hnout se sv\u00fdmi zbytky zraku.&#8220; Nov\u00e1 kuchy\u0148 v Bud\u011bjovic\u00edch je nap\u0159\u00edklad zalo\u017eena na \u017elut\u00e9 a \u0161ediv\u00e9, jinde na \u017elut\u00e9 a modr\u00e9 nebo na bord\u00f3.<\/p>\n<p>&#8222;Kdy\u017e pou\u017eijete dekor, kter\u00fd je v\u00fdrazn\u00fd, tak si to dan\u00e1 osoba m\u016f\u017ee spl\u00e9st nap\u0159\u00edklad se \u0161p\u00ednou,&#8220; vysv\u011btluje design\u00e9rka, kter\u00e1 si p\u0159ed dev\u00edti roky osvojila principy, podle kter\u00fdch se orientuj\u00ed nevidom\u00ed a slabozrac\u00ed v kuchyni i p\u0159i jin\u00fdch \u010dinnostech.<\/p>\n<p>Zakladatel Tyfloservisu Josef Cerha p\u0159i slavnostn\u00edm otev\u0159en\u00ed \u0159ekl: &#8222;Veronika se toho chopila s hlubok\u00fdm porozum\u011bn\u00edm.&#8220; C\u00edlem t\u00e9to spole\u010dnosti je nau\u010dit klienty sebeobsluze. Jak si poslepu uklidit, jak pe\u010dovat o od\u011bvy, jak n\u011bco za\u0161\u00edt. &#8222;To nen\u00ed \u017e\u00e1dn\u00e9 legrace,&#8220; \u0159\u00edk\u00e1 t\u00e9\u017e slabozrak\u00fd Josef Cerha.<\/p>\n<p>V kuchyni pr\u00fd nejde o to nau\u010dit se nov\u00fdm recept\u016fm, ale jak va\u0159it, kdy\u017e \u010dlov\u011bk nevid\u00ed.<\/p>\n<p>Podle design\u00e9rky by se klienti v nov\u00e9 kuchyni mohli nau\u010dit nal\u00e9v\u00e1n\u00ed, kr\u00e1jen\u00ed chleba, ale i vysok\u00e9 gastronomii, jako t\u0159eba uva\u0159it om\u00e1\u010dku.<\/p>\n<p>Pro slabozrak\u00e1 dvoj\u010data Jarmilu a Marii \u0160\u00edmovy, kter\u00e1 nikdy neva\u0159ila, je nov\u00e1 kuchy\u0148 ohromn\u00e1 v\u011bc: &#8222;Velik\u00fd pokrok dop\u0159edu pro nevidom\u00e9 i pro n\u00e1s. Budeme samostatn\u011bj\u0161\u00ed, ne\u017e jsme te\u010f. Je to krok ke svobod\u011b.&#8220;<\/p>\n<p>ANNA ZEMANOV\u00c1<br \/>\nPrachatick\u00fd den\u00edk<br \/>\n<a href=\"http:\/\/prachaticky.denik.cz\">http:\/\/prachaticky.denik.cz<\/a><\/p>\n","protected":false},"excerpt":{"rendered":"<div class=\"mh-excerpt\"><p>V republice m\u00e1me ji\u017e \u010dty\u0159i kuchyn\u011b pro nevidom\u00e9. Jedna z nich je v \u010cesk\u00fdch Bud\u011bjovic\u00edch. V jin\u00fdch zem\u00edch Evropy nejsou.<\/p>\n<\/div>","protected":false},"author":1,"featured_media":5894,"comment_status":"open","ping_status":"closed","sticky":false,"template":"","format":"standard","meta":{"footnotes":""},"categories":[9],"tags":[],"class_list":["post-29106","post","type-post","status-publish","format-standard","has-post-thumbnail","hentry","category-zpravy"],"_links":{"self":[{"href":"https:\/\/www.invarena.cz\/index.php?rest_route=\/wp\/v2\/posts\/29106","targetHints":{"allow":["GET"]}}],"collection":[{"href":"https:\/\/www.invarena.cz\/index.php?rest_route=\/wp\/v2\/posts"}],"about":[{"href":"https:\/\/www.invarena.cz\/index.php?rest_route=\/wp\/v2\/types\/post"}],"author":[{"embeddable":true,"href":"https:\/\/www.invarena.cz\/index.php?rest_route=\/wp\/v2\/users\/1"}],"replies":[{"embeddable":true,"href":"https:\/\/www.invarena.cz\/index.php?rest_route=%2Fwp%2Fv2%2Fcomments&post=29106"}],"version-history":[{"count":0,"href":"https:\/\/www.invarena.cz\/index.php?rest_route=\/wp\/v2\/posts\/29106\/revisions"}],"wp:featuredmedia":[{"embeddable":true,"href":"https:\/\/www.invarena.cz\/index.php?rest_route=\/wp\/v2\/media\/5894"}],"wp:attachment":[{"href":"https:\/\/www.invarena.cz\/index.php?rest_route=%2Fwp%2Fv2%2Fmedia&parent=29106"}],"wp:term":[{"taxonomy":"category","embeddable":true,"href":"https:\/\/www.invarena.cz\/index.php?rest_route=%2Fwp%2Fv2%2Fcategories&post=29106"},{"taxonomy":"post_tag","embeddable":true,"href":"https:\/\/www.invarena.cz\/index.php?rest_route=%2Fwp%2Fv2%2Ftags&post=29106"}],"curies":[{"name":"wp","href":"https:\/\/api.w.org\/{rel}","templated":true}]}}