{"id":29107,"date":"2017-09-15T19:25:12","date_gmt":"2017-09-15T17:25:12","guid":{"rendered":"http:\/\/www.invarena.cz\/?p=29107"},"modified":"2017-09-15T19:25:12","modified_gmt":"2017-09-15T17:25:12","slug":"praha-jednani-zastupitelstva-jsou-nove-simultanne-prepisovana-z-mluvene-reci","status":"publish","type":"post","link":"https:\/\/www.invarena.cz\/?p=29107","title":{"rendered":"Praha: Jedn\u00e1n\u00ed zastupitelstva jsou nov\u011b simult\u00e1nn\u011b p\u0159episov\u00e1na z mluven\u00e9 \u0159e\u010di"},"content":{"rendered":"<p><strong>Praha vych\u00e1z\u00ed vst\u0159\u00edc handicapovan\u00fdm ob\u010dan\u016fm, kte\u0159\u00ed cht\u011bj\u00ed sledovat jedn\u00e1n\u00ed Zastupitelstva hl. m. Prahy. Na n\u00e1vrh zastupitel\u016f Marty Semelov\u00e9 a Patrika Nachera jsou ode dne\u0161ka v testovac\u00edm re\u017eimu rozpravy k programu a interpelace simult\u00e1nn\u011b p\u0159episov\u00e1ny do textov\u00e9 podoby.<\/strong><!--more--><\/p>\n<p>Text je mo\u017en\u00e9 sledovat na speci\u00e1ln\u00ed obrazovce p\u0159\u00edmo v jednac\u00edm s\u00e1le nebo i v on-line p\u0159enosu jedn\u00e1n\u00ed.<\/p>\n<p>P\u0159episy jedn\u00e1n\u00ed pro Magistr\u00e1t hl. m. Prahy zaji\u0161\u0165uje spole\u010dnost Transkript, kter\u00e1 zam\u011bstn\u00e1v\u00e1 lidi s r\u016fzn\u00fdm druhem posti\u017een\u00ed. Pravideln\u011b zve\u0159ej\u0148ovan\u00e9 z\u00e1znamy jedn\u00e1n\u00ed Zastupitelstva hl. m. Prahy na internetu budou nav\u00edc zp\u011btn\u011b p\u0159elo\u017eeny do znakov\u00e9ho jazyka. Tuto slu\u017ebu obstar\u00e1v\u00e1 spole\u010dnost Centrum slu\u017eeb pro nesly\u0161\u00edc\u00ed a nedosl\u00fdchav\u00e9.<\/p>\n<p>Celou slu\u017ebu bude Magistr\u00e1t hl. m. Prahy na konci roku vyhodnocovat z pohledu z\u00e1jmu o ni a p\u0159\u00edpadn\u011b zaslan\u00fdch p\u0159ipom\u00ednek \u010di n\u00e1pad\u016f na vylep\u0161en\u00ed.<\/p>\n<p>Parlamentn\u00ed Listy<br \/>\n<a href=\"http:\/\/www.parlamentnilisty.cz\/\">http:\/\/www.parlamentnilisty.cz\/<\/a><\/p>\n","protected":false},"excerpt":{"rendered":"<div class=\"mh-excerpt\"><p>Praha vych\u00e1z\u00ed vst\u0159\u00edc handicapovan\u00fdm ob\u010dan\u016fm, kte\u0159\u00ed cht\u011bj\u00ed sledovat jedn\u00e1n\u00ed Zastupitelstva hl. m. Prahy. Na n\u00e1vrh zastupitel\u016f Marty Semelov\u00e9 a Patrika Nachera jsou ode dne\u0161ka v <a class=\"mh-excerpt-more\" href=\"https:\/\/www.invarena.cz\/?p=29107\" title=\"Praha: Jedn\u00e1n\u00ed zastupitelstva jsou nov\u011b simult\u00e1nn\u011b p\u0159episov\u00e1na z mluven\u00e9 \u0159e\u010di\">[&#8230;]<\/a><\/p>\n<\/div>","protected":false},"author":1,"featured_media":0,"comment_status":"open","ping_status":"closed","sticky":false,"template":"","format":"standard","meta":{"footnotes":""},"categories":[9],"tags":[],"class_list":["post-29107","post","type-post","status-publish","format-standard","hentry","category-zpravy"],"_links":{"self":[{"href":"https:\/\/www.invarena.cz\/index.php?rest_route=\/wp\/v2\/posts\/29107","targetHints":{"allow":["GET"]}}],"collection":[{"href":"https:\/\/www.invarena.cz\/index.php?rest_route=\/wp\/v2\/posts"}],"about":[{"href":"https:\/\/www.invarena.cz\/index.php?rest_route=\/wp\/v2\/types\/post"}],"author":[{"embeddable":true,"href":"https:\/\/www.invarena.cz\/index.php?rest_route=\/wp\/v2\/users\/1"}],"replies":[{"embeddable":true,"href":"https:\/\/www.invarena.cz\/index.php?rest_route=%2Fwp%2Fv2%2Fcomments&post=29107"}],"version-history":[{"count":0,"href":"https:\/\/www.invarena.cz\/index.php?rest_route=\/wp\/v2\/posts\/29107\/revisions"}],"wp:attachment":[{"href":"https:\/\/www.invarena.cz\/index.php?rest_route=%2Fwp%2Fv2%2Fmedia&parent=29107"}],"wp:term":[{"taxonomy":"category","embeddable":true,"href":"https:\/\/www.invarena.cz\/index.php?rest_route=%2Fwp%2Fv2%2Fcategories&post=29107"},{"taxonomy":"post_tag","embeddable":true,"href":"https:\/\/www.invarena.cz\/index.php?rest_route=%2Fwp%2Fv2%2Ftags&post=29107"}],"curies":[{"name":"wp","href":"https:\/\/api.w.org\/{rel}","templated":true}]}}